{"id":973,"date":"2023-07-03T18:28:48","date_gmt":"2023-07-03T21:28:48","guid":{"rendered":"https:\/\/jupi.pe.leg.br\/v3\/?p=973"},"modified":"2023-07-03T18:28:48","modified_gmt":"2023-07-03T21:28:48","slug":"requerimento-086-2023","status":"publish","type":"post","link":"https:\/\/jupi.pe.leg.br\/v3\/requerimento-086-2023\/","title":{"rendered":"Requerimento 086\/2023"},"content":{"rendered":"<p>solicita\u00e7\u00e2o ao Exm\u00ba. Prefeito deste munic\u00edpio, Sr. Ant\u00f4nio Marcos Patriota, por interm\u00e9dio da Secretaria Municipal de Educa\u00e7\u00e2o, Cultura, Esporte, Turismo e Lazer, que atende ao Projeto AME -Atendimento Multidisciplinar Especializado, veemente apelo, no intuito de que seja constru\u00eddo um espa\u00e7o com as devidas infraestruturas e recomenda\u00e7\u00f5es t\u00e9cnicas para atender os servi\u00e7os prestados pelo setor as PCD -Pessoas com Defici\u00eancia.<\/p>\n","protected":false},"excerpt":{"rendered":"<p>solicita\u00e7\u00e2o ao Exm\u00ba. Prefeito deste munic\u00edpio, Sr. Ant\u00f4nio Marcos Patriota, por interm\u00e9dio da Secretaria Municipal de Educa\u00e7\u00e2o, Cultura, Esporte, Turismo e Lazer, que atende ao Projeto AME -Atendimento Multidisciplinar Especializado, veemente apelo, no intuito de que seja constru\u00eddo um espa\u00e7o <a class=\"leiamais\" href=\"https:\/\/jupi.pe.leg.br\/v3\/requerimento-086-2023\/\">VER MAIS <i class=\"fa-solid fa-chevron-right\"><\/i><\/a><\/p>\n","protected":false},"author":2,"featured_media":0,"comment_status":"open","ping_status":"open","sticky":false,"template":"","format":"standard","meta":{"_acf_changed":false,"footnotes":""},"categories":[27,5],"tags":[],"class_list":["post-973","post","type-post","status-publish","format-standard","hentry","category-ricardo","category-vereadores","active"],"acf":[],"_links":{"self":[{"href":"https:\/\/jupi.pe.leg.br\/v3\/wp-json\/wp\/v2\/posts\/973","targetHints":{"allow":["GET"]}}],"collection":[{"href":"https:\/\/jupi.pe.leg.br\/v3\/wp-json\/wp\/v2\/posts"}],"about":[{"href":"https:\/\/jupi.pe.leg.br\/v3\/wp-json\/wp\/v2\/types\/post"}],"author":[{"embeddable":true,"href":"https:\/\/jupi.pe.leg.br\/v3\/wp-json\/wp\/v2\/users\/2"}],"replies":[{"embeddable":true,"href":"https:\/\/jupi.pe.leg.br\/v3\/wp-json\/wp\/v2\/comments?post=973"}],"version-history":[{"count":0,"href":"https:\/\/jupi.pe.leg.br\/v3\/wp-json\/wp\/v2\/posts\/973\/revisions"}],"wp:attachment":[{"href":"https:\/\/jupi.pe.leg.br\/v3\/wp-json\/wp\/v2\/media?parent=973"}],"wp:term":[{"taxonomy":"category","embeddable":true,"href":"https:\/\/jupi.pe.leg.br\/v3\/wp-json\/wp\/v2\/categories?post=973"},{"taxonomy":"post_tag","embeddable":true,"href":"https:\/\/jupi.pe.leg.br\/v3\/wp-json\/wp\/v2\/tags?post=973"}],"curies":[{"name":"wp","href":"https:\/\/api.w.org\/{rel}","templated":true}]}}