{"id":960,"date":"2023-07-03T18:25:49","date_gmt":"2023-07-03T21:25:49","guid":{"rendered":"https:\/\/jupi.pe.leg.br\/v3\/?p=960"},"modified":"2023-07-03T18:25:49","modified_gmt":"2023-07-03T21:25:49","slug":"requerimento-050-2023","status":"publish","type":"post","link":"https:\/\/jupi.pe.leg.br\/v3\/requerimento-050-2023\/","title":{"rendered":"Requerimento 050\/2023"},"content":{"rendered":"<p>Requeiro ao Exm\u00ba. Prefeito deste munic\u00edpio, Sr. Ant\u00f4nio Marcos Patriota, por interm\u00e9dio da Secretaria Municipal de Infraestrutura e Servi\u00e7os Urbanos, veemente apelo, no intuito de dar maior seguran\u00e7a e visibilidade aos motoristas, que seja viabilizada a implanta\u00e7\u00e3o de acessos provis\u00f3rios com \u00e1rea de tr\u00e1fego bem ampla, \u00e0s margens da BR423, lado direito, sentido Lajedo\u00adPE\/Garanhuns-PE, compreendendo o per\u00edmetro urbano, iniciando em frente \u00e0 F\u00e1brica de Farinha do Sr. Jos\u00e9 Fernandes, at\u00e9 o final da Rua Ant\u00f4nio Porf\u00edrio de Melo.<\/p>\n","protected":false},"excerpt":{"rendered":"<p>Requeiro ao Exm\u00ba. Prefeito deste munic\u00edpio, Sr. Ant\u00f4nio Marcos Patriota, por interm\u00e9dio da Secretaria Municipal de Infraestrutura e Servi\u00e7os Urbanos, veemente apelo, no intuito de dar maior seguran\u00e7a e visibilidade aos motoristas, que seja viabilizada a implanta\u00e7\u00e3o de acessos provis\u00f3rios <a class=\"leiamais\" href=\"https:\/\/jupi.pe.leg.br\/v3\/requerimento-050-2023\/\">VER MAIS <i class=\"fa-solid fa-chevron-right\"><\/i><\/a><\/p>\n","protected":false},"author":2,"featured_media":0,"comment_status":"open","ping_status":"open","sticky":false,"template":"","format":"standard","meta":{"_acf_changed":false,"footnotes":""},"categories":[27,5],"tags":[],"class_list":["post-960","post","type-post","status-publish","format-standard","hentry","category-ricardo","category-vereadores","active"],"acf":[],"_links":{"self":[{"href":"https:\/\/jupi.pe.leg.br\/v3\/wp-json\/wp\/v2\/posts\/960","targetHints":{"allow":["GET"]}}],"collection":[{"href":"https:\/\/jupi.pe.leg.br\/v3\/wp-json\/wp\/v2\/posts"}],"about":[{"href":"https:\/\/jupi.pe.leg.br\/v3\/wp-json\/wp\/v2\/types\/post"}],"author":[{"embeddable":true,"href":"https:\/\/jupi.pe.leg.br\/v3\/wp-json\/wp\/v2\/users\/2"}],"replies":[{"embeddable":true,"href":"https:\/\/jupi.pe.leg.br\/v3\/wp-json\/wp\/v2\/comments?post=960"}],"version-history":[{"count":0,"href":"https:\/\/jupi.pe.leg.br\/v3\/wp-json\/wp\/v2\/posts\/960\/revisions"}],"wp:attachment":[{"href":"https:\/\/jupi.pe.leg.br\/v3\/wp-json\/wp\/v2\/media?parent=960"}],"wp:term":[{"taxonomy":"category","embeddable":true,"href":"https:\/\/jupi.pe.leg.br\/v3\/wp-json\/wp\/v2\/categories?post=960"},{"taxonomy":"post_tag","embeddable":true,"href":"https:\/\/jupi.pe.leg.br\/v3\/wp-json\/wp\/v2\/tags?post=960"}],"curies":[{"name":"wp","href":"https:\/\/api.w.org\/{rel}","templated":true}]}}