{"id":958,"date":"2023-07-03T18:25:18","date_gmt":"2023-07-03T21:25:18","guid":{"rendered":"https:\/\/jupi.pe.leg.br\/v3\/?p=958"},"modified":"2023-07-03T18:25:18","modified_gmt":"2023-07-03T21:25:18","slug":"requerimento-045-2023","status":"publish","type":"post","link":"https:\/\/jupi.pe.leg.br\/v3\/requerimento-045-2023\/","title":{"rendered":"Requerimento 045\/2023"},"content":{"rendered":"<p>Requeiro ao Exm\u00ba. Prefeito deste munic\u00edpio, Sr. Ant\u00f4nio Marcos Patriota, por interm\u00e9dio da Secretaria Municipal de Agricultura, Desenvolvimento Econ\u00f4mico e Meio Ambiente, veemente apelo, no intuito de que sejam viabilizados, o plantio e a reposi\u00e7\u00e3o das palmeiras no per\u00edmetro urbano da nossa cidade, \u00e0s margens da BR 423, iniciando na ponte do Rio da Chata, at\u00e9 o posto de combust\u00edvel Santa Quit\u00e9ria, localizado na comunidade Alto dos Santos, desta cidade.<\/p>\n","protected":false},"excerpt":{"rendered":"<p>Requeiro ao Exm\u00ba. Prefeito deste munic\u00edpio, Sr. Ant\u00f4nio Marcos Patriota, por interm\u00e9dio da Secretaria Municipal de Agricultura, Desenvolvimento Econ\u00f4mico e Meio Ambiente, veemente apelo, no intuito de que sejam viabilizados, o plantio e a reposi\u00e7\u00e3o das palmeiras no per\u00edmetro urbano <a class=\"leiamais\" href=\"https:\/\/jupi.pe.leg.br\/v3\/requerimento-045-2023\/\">VER MAIS <i class=\"fa-solid fa-chevron-right\"><\/i><\/a><\/p>\n","protected":false},"author":2,"featured_media":0,"comment_status":"open","ping_status":"open","sticky":false,"template":"","format":"standard","meta":{"_acf_changed":false,"footnotes":""},"categories":[27,5],"tags":[],"class_list":["post-958","post","type-post","status-publish","format-standard","hentry","category-ricardo","category-vereadores","active"],"acf":[],"_links":{"self":[{"href":"https:\/\/jupi.pe.leg.br\/v3\/wp-json\/wp\/v2\/posts\/958","targetHints":{"allow":["GET"]}}],"collection":[{"href":"https:\/\/jupi.pe.leg.br\/v3\/wp-json\/wp\/v2\/posts"}],"about":[{"href":"https:\/\/jupi.pe.leg.br\/v3\/wp-json\/wp\/v2\/types\/post"}],"author":[{"embeddable":true,"href":"https:\/\/jupi.pe.leg.br\/v3\/wp-json\/wp\/v2\/users\/2"}],"replies":[{"embeddable":true,"href":"https:\/\/jupi.pe.leg.br\/v3\/wp-json\/wp\/v2\/comments?post=958"}],"version-history":[{"count":0,"href":"https:\/\/jupi.pe.leg.br\/v3\/wp-json\/wp\/v2\/posts\/958\/revisions"}],"wp:attachment":[{"href":"https:\/\/jupi.pe.leg.br\/v3\/wp-json\/wp\/v2\/media?parent=958"}],"wp:term":[{"taxonomy":"category","embeddable":true,"href":"https:\/\/jupi.pe.leg.br\/v3\/wp-json\/wp\/v2\/categories?post=958"},{"taxonomy":"post_tag","embeddable":true,"href":"https:\/\/jupi.pe.leg.br\/v3\/wp-json\/wp\/v2\/tags?post=958"}],"curies":[{"name":"wp","href":"https:\/\/api.w.org\/{rel}","templated":true}]}}