{"id":951,"date":"2023-07-03T18:23:59","date_gmt":"2023-07-03T21:23:59","guid":{"rendered":"https:\/\/jupi.pe.leg.br\/v3\/?p=951"},"modified":"2023-07-03T18:23:59","modified_gmt":"2023-07-03T21:23:59","slug":"requerimento-038-2023","status":"publish","type":"post","link":"https:\/\/jupi.pe.leg.br\/v3\/requerimento-038-2023\/","title":{"rendered":"Requerimento 038\/2023"},"content":{"rendered":"<p>Requeiro ao Exm\u00ba. Prefeito deste munic\u00edpio, Sr. Ant\u00f4nio Marcos Patriota, por interm\u00e9dio da Secretaria Municipal de Assist\u00eancia Social. veemente apelo, no intuito de que seja viabilizada a implanta\u00e7\u00e3o das seguintes modalidades esportivas e de dan\u00e7a: Karat\u00ea, Jud\u00f4, Jiu-Jitsu, Capoeira, Muay Thai e Ballet, para atender as crian\u00e7as matriculadas no Servi\u00e7o de Conviv\u00eancia e Fortalecimento de V\u00ednculos, que substituiu o extinto programa PETI &#8211; Programa de Erradica\u00e7\u00e3o do Trabalho Infantil.<\/p>\n","protected":false},"excerpt":{"rendered":"<p>Requeiro ao Exm\u00ba. Prefeito deste munic\u00edpio, Sr. Ant\u00f4nio Marcos Patriota, por interm\u00e9dio da Secretaria Municipal de Assist\u00eancia Social. veemente apelo, no intuito de que seja viabilizada a implanta\u00e7\u00e3o das seguintes modalidades esportivas e de dan\u00e7a: Karat\u00ea, Jud\u00f4, Jiu-Jitsu, Capoeira, Muay <a class=\"leiamais\" href=\"https:\/\/jupi.pe.leg.br\/v3\/requerimento-038-2023\/\">VER MAIS <i class=\"fa-solid fa-chevron-right\"><\/i><\/a><\/p>\n","protected":false},"author":2,"featured_media":0,"comment_status":"open","ping_status":"open","sticky":false,"template":"","format":"standard","meta":{"_acf_changed":false,"footnotes":""},"categories":[27,5],"tags":[],"class_list":["post-951","post","type-post","status-publish","format-standard","hentry","category-ricardo","category-vereadores","active"],"acf":[],"_links":{"self":[{"href":"https:\/\/jupi.pe.leg.br\/v3\/wp-json\/wp\/v2\/posts\/951","targetHints":{"allow":["GET"]}}],"collection":[{"href":"https:\/\/jupi.pe.leg.br\/v3\/wp-json\/wp\/v2\/posts"}],"about":[{"href":"https:\/\/jupi.pe.leg.br\/v3\/wp-json\/wp\/v2\/types\/post"}],"author":[{"embeddable":true,"href":"https:\/\/jupi.pe.leg.br\/v3\/wp-json\/wp\/v2\/users\/2"}],"replies":[{"embeddable":true,"href":"https:\/\/jupi.pe.leg.br\/v3\/wp-json\/wp\/v2\/comments?post=951"}],"version-history":[{"count":0,"href":"https:\/\/jupi.pe.leg.br\/v3\/wp-json\/wp\/v2\/posts\/951\/revisions"}],"wp:attachment":[{"href":"https:\/\/jupi.pe.leg.br\/v3\/wp-json\/wp\/v2\/media?parent=951"}],"wp:term":[{"taxonomy":"category","embeddable":true,"href":"https:\/\/jupi.pe.leg.br\/v3\/wp-json\/wp\/v2\/categories?post=951"},{"taxonomy":"post_tag","embeddable":true,"href":"https:\/\/jupi.pe.leg.br\/v3\/wp-json\/wp\/v2\/tags?post=951"}],"curies":[{"name":"wp","href":"https:\/\/api.w.org\/{rel}","templated":true}]}}