{"id":947,"date":"2023-07-03T18:21:52","date_gmt":"2023-07-03T21:21:52","guid":{"rendered":"https:\/\/jupi.pe.leg.br\/v3\/?p=947"},"modified":"2023-07-03T18:21:52","modified_gmt":"2023-07-03T21:21:52","slug":"requerimento-032-2023","status":"publish","type":"post","link":"https:\/\/jupi.pe.leg.br\/v3\/requerimento-032-2023\/","title":{"rendered":"Requerimento 032\/2023"},"content":{"rendered":"<p>Requeiro ao Prefeito do munic\u00edpio, Sr. Ant\u00f4nio Marcos Patriota, atrav\u00e9s da Secretaria competente, que viabilize a coleta de lixo nas intermedia\u00e7\u00f5es do S\u00edtio Reparti\u00e7\u00e3o de cima, dando continuidade na comunidade Reparti\u00e7\u00e3o de Baixo, subindo pela estrada de acesso a resid\u00eancia do Sr. Arlindo Ramalho e retornando pela estrada principal da Capela de Nossa Senhora de F\u00e1tima.<\/p>\n","protected":false},"excerpt":{"rendered":"<p>Requeiro ao Prefeito do munic\u00edpio, Sr. Ant\u00f4nio Marcos Patriota, atrav\u00e9s da Secretaria competente, que viabilize a coleta de lixo nas intermedia\u00e7\u00f5es do S\u00edtio Reparti\u00e7\u00e3o de cima, dando continuidade na comunidade Reparti\u00e7\u00e3o de Baixo, subindo pela estrada de acesso a resid\u00eancia <a class=\"leiamais\" href=\"https:\/\/jupi.pe.leg.br\/v3\/requerimento-032-2023\/\">VER MAIS <i class=\"fa-solid fa-chevron-right\"><\/i><\/a><\/p>\n","protected":false},"author":2,"featured_media":0,"comment_status":"open","ping_status":"open","sticky":false,"template":"","format":"standard","meta":{"_acf_changed":false,"footnotes":""},"categories":[27,5],"tags":[],"class_list":["post-947","post","type-post","status-publish","format-standard","hentry","category-ricardo","category-vereadores","active"],"acf":[],"_links":{"self":[{"href":"https:\/\/jupi.pe.leg.br\/v3\/wp-json\/wp\/v2\/posts\/947","targetHints":{"allow":["GET"]}}],"collection":[{"href":"https:\/\/jupi.pe.leg.br\/v3\/wp-json\/wp\/v2\/posts"}],"about":[{"href":"https:\/\/jupi.pe.leg.br\/v3\/wp-json\/wp\/v2\/types\/post"}],"author":[{"embeddable":true,"href":"https:\/\/jupi.pe.leg.br\/v3\/wp-json\/wp\/v2\/users\/2"}],"replies":[{"embeddable":true,"href":"https:\/\/jupi.pe.leg.br\/v3\/wp-json\/wp\/v2\/comments?post=947"}],"version-history":[{"count":0,"href":"https:\/\/jupi.pe.leg.br\/v3\/wp-json\/wp\/v2\/posts\/947\/revisions"}],"wp:attachment":[{"href":"https:\/\/jupi.pe.leg.br\/v3\/wp-json\/wp\/v2\/media?parent=947"}],"wp:term":[{"taxonomy":"category","embeddable":true,"href":"https:\/\/jupi.pe.leg.br\/v3\/wp-json\/wp\/v2\/categories?post=947"},{"taxonomy":"post_tag","embeddable":true,"href":"https:\/\/jupi.pe.leg.br\/v3\/wp-json\/wp\/v2\/tags?post=947"}],"curies":[{"name":"wp","href":"https:\/\/api.w.org\/{rel}","templated":true}]}}