{"id":943,"date":"2023-07-03T18:20:24","date_gmt":"2023-07-03T21:20:24","guid":{"rendered":"https:\/\/jupi.pe.leg.br\/v3\/?p=943"},"modified":"2023-07-03T18:20:24","modified_gmt":"2023-07-03T21:20:24","slug":"requerimento-018-2023","status":"publish","type":"post","link":"https:\/\/jupi.pe.leg.br\/v3\/requerimento-018-2023\/","title":{"rendered":"Requerimento 018\/2023"},"content":{"rendered":"<p>Requeiro a Ger\u00eancia da CELPE &#8211; Companhia Energ\u00e9tica de Pernambuco, sede de Garanhuns\/PE, que seja realizada manuten\u00e7\u00e3o na rede el\u00e9trica que abrange o Sitio Bananeira, deste munic\u00edpio, que est\u00e1 prejudicada diariamente com o fornecimento insuficiente de energia el\u00e9trica, por volta das 17h e 19h, trazendo diversos transtornos \u00e0 comunidade mencionada.<\/p>\n","protected":false},"excerpt":{"rendered":"<p>Requeiro a Ger\u00eancia da CELPE &#8211; Companhia Energ\u00e9tica de Pernambuco, sede de Garanhuns\/PE, que seja realizada manuten\u00e7\u00e3o na rede el\u00e9trica que abrange o Sitio Bananeira, deste munic\u00edpio, que est\u00e1 prejudicada diariamente com o fornecimento insuficiente de energia el\u00e9trica, por volta <a class=\"leiamais\" href=\"https:\/\/jupi.pe.leg.br\/v3\/requerimento-018-2023\/\">VER MAIS <i class=\"fa-solid fa-chevron-right\"><\/i><\/a><\/p>\n","protected":false},"author":2,"featured_media":0,"comment_status":"open","ping_status":"open","sticky":false,"template":"","format":"standard","meta":{"_acf_changed":false,"footnotes":""},"categories":[27,5],"tags":[],"class_list":["post-943","post","type-post","status-publish","format-standard","hentry","category-ricardo","category-vereadores","active"],"acf":[],"_links":{"self":[{"href":"https:\/\/jupi.pe.leg.br\/v3\/wp-json\/wp\/v2\/posts\/943","targetHints":{"allow":["GET"]}}],"collection":[{"href":"https:\/\/jupi.pe.leg.br\/v3\/wp-json\/wp\/v2\/posts"}],"about":[{"href":"https:\/\/jupi.pe.leg.br\/v3\/wp-json\/wp\/v2\/types\/post"}],"author":[{"embeddable":true,"href":"https:\/\/jupi.pe.leg.br\/v3\/wp-json\/wp\/v2\/users\/2"}],"replies":[{"embeddable":true,"href":"https:\/\/jupi.pe.leg.br\/v3\/wp-json\/wp\/v2\/comments?post=943"}],"version-history":[{"count":0,"href":"https:\/\/jupi.pe.leg.br\/v3\/wp-json\/wp\/v2\/posts\/943\/revisions"}],"wp:attachment":[{"href":"https:\/\/jupi.pe.leg.br\/v3\/wp-json\/wp\/v2\/media?parent=943"}],"wp:term":[{"taxonomy":"category","embeddable":true,"href":"https:\/\/jupi.pe.leg.br\/v3\/wp-json\/wp\/v2\/categories?post=943"},{"taxonomy":"post_tag","embeddable":true,"href":"https:\/\/jupi.pe.leg.br\/v3\/wp-json\/wp\/v2\/tags?post=943"}],"curies":[{"name":"wp","href":"https:\/\/api.w.org\/{rel}","templated":true}]}}