{"id":941,"date":"2023-07-03T18:19:58","date_gmt":"2023-07-03T21:19:58","guid":{"rendered":"https:\/\/jupi.pe.leg.br\/v3\/?p=941"},"modified":"2023-07-03T18:19:58","modified_gmt":"2023-07-03T21:19:58","slug":"requerimento-011-2023","status":"publish","type":"post","link":"https:\/\/jupi.pe.leg.br\/v3\/requerimento-011-2023\/","title":{"rendered":"Requerimento 011\/2023"},"content":{"rendered":"<p>Requeiro ao Exm\u00ba. Prefeito deste munic\u00edpio, Sr. Ant\u00f4nio Marcos Patriota, por interm\u00e9dio da Secretaria Municipal de Servi\u00e7os Urbanos, veemente apelo, no sentido de que sejam viabilizados estudos para a elabora\u00e7\u00e3o e execu\u00e7\u00e3o de projeto para abertura de uma via p\u00fablica, interligando a Rua Miguel Calado Borba a Avenida Napole\u00e3o Teixeira Lima, desta cidade, abrangendo o terreno localizado ao lado do pr\u00e9dio do Di\u00e1cono Maur\u00edcio Lucas de Oliveira, com intuito de sanar o problema do grande fluxo de \u00e1gua que ocasiona diversos riscos a sociedade, nos per\u00edodos de altas precipita\u00e7\u00f5es pluviom\u00e9tricas.<\/p>\n","protected":false},"excerpt":{"rendered":"<p>Requeiro ao Exm\u00ba. Prefeito deste munic\u00edpio, Sr. Ant\u00f4nio Marcos Patriota, por interm\u00e9dio da Secretaria Municipal de Servi\u00e7os Urbanos, veemente apelo, no sentido de que sejam viabilizados estudos para a elabora\u00e7\u00e3o e execu\u00e7\u00e3o de projeto para abertura de uma via p\u00fablica, <a class=\"leiamais\" href=\"https:\/\/jupi.pe.leg.br\/v3\/requerimento-011-2023\/\">VER MAIS <i class=\"fa-solid fa-chevron-right\"><\/i><\/a><\/p>\n","protected":false},"author":2,"featured_media":0,"comment_status":"open","ping_status":"open","sticky":false,"template":"","format":"standard","meta":{"_acf_changed":false,"footnotes":""},"categories":[27,5],"tags":[],"class_list":["post-941","post","type-post","status-publish","format-standard","hentry","category-ricardo","category-vereadores","active"],"acf":[],"_links":{"self":[{"href":"https:\/\/jupi.pe.leg.br\/v3\/wp-json\/wp\/v2\/posts\/941","targetHints":{"allow":["GET"]}}],"collection":[{"href":"https:\/\/jupi.pe.leg.br\/v3\/wp-json\/wp\/v2\/posts"}],"about":[{"href":"https:\/\/jupi.pe.leg.br\/v3\/wp-json\/wp\/v2\/types\/post"}],"author":[{"embeddable":true,"href":"https:\/\/jupi.pe.leg.br\/v3\/wp-json\/wp\/v2\/users\/2"}],"replies":[{"embeddable":true,"href":"https:\/\/jupi.pe.leg.br\/v3\/wp-json\/wp\/v2\/comments?post=941"}],"version-history":[{"count":0,"href":"https:\/\/jupi.pe.leg.br\/v3\/wp-json\/wp\/v2\/posts\/941\/revisions"}],"wp:attachment":[{"href":"https:\/\/jupi.pe.leg.br\/v3\/wp-json\/wp\/v2\/media?parent=941"}],"wp:term":[{"taxonomy":"category","embeddable":true,"href":"https:\/\/jupi.pe.leg.br\/v3\/wp-json\/wp\/v2\/categories?post=941"},{"taxonomy":"post_tag","embeddable":true,"href":"https:\/\/jupi.pe.leg.br\/v3\/wp-json\/wp\/v2\/tags?post=941"}],"curies":[{"name":"wp","href":"https:\/\/api.w.org\/{rel}","templated":true}]}}