{"id":939,"date":"2023-07-03T18:19:31","date_gmt":"2023-07-03T21:19:31","guid":{"rendered":"https:\/\/jupi.pe.leg.br\/v3\/?p=939"},"modified":"2023-07-03T18:19:31","modified_gmt":"2023-07-03T21:19:31","slug":"requerimento-010-2023","status":"publish","type":"post","link":"https:\/\/jupi.pe.leg.br\/v3\/requerimento-010-2023\/","title":{"rendered":"Requerimento 010\/2023"},"content":{"rendered":"<p>Requeiro ao Exm\u00ba. Prefeito deste munic\u00edpio, Sr. Ant\u00f4nio Marcos Patriota, por interm\u00e9dio das secretarias competentes, veemente apelo, no sentido de que seja realizada a substitui\u00e7\u00e3o das \u00e1rvores mortas existentes na Pra\u00e7a Nossa Senhora do Ros\u00e1rio, desta cidade.<br \/>\nDo presente pleito, d\u00ea-se ci\u00eancia aos Ilustr\u00edssimos Secret\u00e1rios Municipais de Agricultura, Desenvolvimento Econ\u00f4mico e Meio Ambiente, e Infraestrutura e Servi\u00e7os Urbanos.<\/p>\n","protected":false},"excerpt":{"rendered":"<p>Requeiro ao Exm\u00ba. Prefeito deste munic\u00edpio, Sr. Ant\u00f4nio Marcos Patriota, por interm\u00e9dio das secretarias competentes, veemente apelo, no sentido de que seja realizada a substitui\u00e7\u00e3o das \u00e1rvores mortas existentes na Pra\u00e7a Nossa Senhora do Ros\u00e1rio, desta cidade. Do presente pleito, <a class=\"leiamais\" href=\"https:\/\/jupi.pe.leg.br\/v3\/requerimento-010-2023\/\">VER MAIS <i class=\"fa-solid fa-chevron-right\"><\/i><\/a><\/p>\n","protected":false},"author":2,"featured_media":0,"comment_status":"open","ping_status":"open","sticky":false,"template":"","format":"standard","meta":{"_acf_changed":false,"footnotes":""},"categories":[27,5],"tags":[],"class_list":["post-939","post","type-post","status-publish","format-standard","hentry","category-ricardo","category-vereadores","active"],"acf":[],"_links":{"self":[{"href":"https:\/\/jupi.pe.leg.br\/v3\/wp-json\/wp\/v2\/posts\/939","targetHints":{"allow":["GET"]}}],"collection":[{"href":"https:\/\/jupi.pe.leg.br\/v3\/wp-json\/wp\/v2\/posts"}],"about":[{"href":"https:\/\/jupi.pe.leg.br\/v3\/wp-json\/wp\/v2\/types\/post"}],"author":[{"embeddable":true,"href":"https:\/\/jupi.pe.leg.br\/v3\/wp-json\/wp\/v2\/users\/2"}],"replies":[{"embeddable":true,"href":"https:\/\/jupi.pe.leg.br\/v3\/wp-json\/wp\/v2\/comments?post=939"}],"version-history":[{"count":0,"href":"https:\/\/jupi.pe.leg.br\/v3\/wp-json\/wp\/v2\/posts\/939\/revisions"}],"wp:attachment":[{"href":"https:\/\/jupi.pe.leg.br\/v3\/wp-json\/wp\/v2\/media?parent=939"}],"wp:term":[{"taxonomy":"category","embeddable":true,"href":"https:\/\/jupi.pe.leg.br\/v3\/wp-json\/wp\/v2\/categories?post=939"},{"taxonomy":"post_tag","embeddable":true,"href":"https:\/\/jupi.pe.leg.br\/v3\/wp-json\/wp\/v2\/tags?post=939"}],"curies":[{"name":"wp","href":"https:\/\/api.w.org\/{rel}","templated":true}]}}