{"id":935,"date":"2023-07-03T18:18:24","date_gmt":"2023-07-03T21:18:24","guid":{"rendered":"https:\/\/jupi.pe.leg.br\/v3\/?p=935"},"modified":"2023-07-03T18:18:24","modified_gmt":"2023-07-03T21:18:24","slug":"requerimento-007-2023","status":"publish","type":"post","link":"https:\/\/jupi.pe.leg.br\/v3\/requerimento-007-2023\/","title":{"rendered":"Requerimento 007\/2023"},"content":{"rendered":"<p>Requeiro ao Sr. Prefeito Ant\u00f4nio Marcos Patriota, deste munic\u00edpio atrav\u00e9s da Secretaria competente, a realiza\u00e7\u00e3o da complementa\u00e7\u00e3o de cal\u00e7amentos ou pavimenta\u00e7\u00e3o asf\u00e1ltica, compreendendo o saneamento em ruas que n\u00e3o tem essa devida infraestrutura, conforme abaixo mencionadas:<br \/>\n&#8211; Rua Abdias Ant\u00f4nio da Silva por tr\u00e1s da Casa de Farinha de Z\u00e9 Fernandes; &#8211;<br \/>\n&#8211; Rua 11 de Mar\u00e7o que d\u00e1 acesso a BR423;<br \/>\n&#8211; Rua Estelita Pinheiro de Lima, compreendendo o acesso em frente a via lateral da casa de Farinha de Z\u00e9 Fernandes;<br \/>\n&#8211; Via em frente a Secretaria Municipal de Assist\u00eancia Social, na Pra\u00e7a Magno Fernando da Silva.<\/p>\n","protected":false},"excerpt":{"rendered":"<p>Requeiro ao Sr. Prefeito Ant\u00f4nio Marcos Patriota, deste munic\u00edpio atrav\u00e9s da Secretaria competente, a realiza\u00e7\u00e3o da complementa\u00e7\u00e3o de cal\u00e7amentos ou pavimenta\u00e7\u00e3o asf\u00e1ltica, compreendendo o saneamento em ruas que n\u00e3o tem essa devida infraestrutura, conforme abaixo mencionadas: &#8211; Rua Abdias Ant\u00f4nio <a class=\"leiamais\" href=\"https:\/\/jupi.pe.leg.br\/v3\/requerimento-007-2023\/\">VER MAIS <i class=\"fa-solid fa-chevron-right\"><\/i><\/a><\/p>\n","protected":false},"author":2,"featured_media":0,"comment_status":"open","ping_status":"open","sticky":false,"template":"","format":"standard","meta":{"_acf_changed":false,"footnotes":""},"categories":[27,5],"tags":[],"class_list":["post-935","post","type-post","status-publish","format-standard","hentry","category-ricardo","category-vereadores","active"],"acf":[],"_links":{"self":[{"href":"https:\/\/jupi.pe.leg.br\/v3\/wp-json\/wp\/v2\/posts\/935","targetHints":{"allow":["GET"]}}],"collection":[{"href":"https:\/\/jupi.pe.leg.br\/v3\/wp-json\/wp\/v2\/posts"}],"about":[{"href":"https:\/\/jupi.pe.leg.br\/v3\/wp-json\/wp\/v2\/types\/post"}],"author":[{"embeddable":true,"href":"https:\/\/jupi.pe.leg.br\/v3\/wp-json\/wp\/v2\/users\/2"}],"replies":[{"embeddable":true,"href":"https:\/\/jupi.pe.leg.br\/v3\/wp-json\/wp\/v2\/comments?post=935"}],"version-history":[{"count":0,"href":"https:\/\/jupi.pe.leg.br\/v3\/wp-json\/wp\/v2\/posts\/935\/revisions"}],"wp:attachment":[{"href":"https:\/\/jupi.pe.leg.br\/v3\/wp-json\/wp\/v2\/media?parent=935"}],"wp:term":[{"taxonomy":"category","embeddable":true,"href":"https:\/\/jupi.pe.leg.br\/v3\/wp-json\/wp\/v2\/categories?post=935"},{"taxonomy":"post_tag","embeddable":true,"href":"https:\/\/jupi.pe.leg.br\/v3\/wp-json\/wp\/v2\/tags?post=935"}],"curies":[{"name":"wp","href":"https:\/\/api.w.org\/{rel}","templated":true}]}}