{"id":902,"date":"2023-07-03T17:10:31","date_gmt":"2023-07-03T20:10:31","guid":{"rendered":"https:\/\/jupi.pe.leg.br\/v3\/?p=902"},"modified":"2023-07-03T17:10:31","modified_gmt":"2023-07-03T20:10:31","slug":"requerimento-104-2022","status":"publish","type":"post","link":"https:\/\/jupi.pe.leg.br\/v3\/requerimento-104-2022\/","title":{"rendered":"Requerimento 104\/2022"},"content":{"rendered":"<p>Solicita\u00e7\u00e3o ao Exmo. Prefeito deste munic\u00edpio, Sr. Ant\u00f4nio Marcos Patriota, atrav\u00e9s da Secretaria Municipal de Infraestrutura e Servi\u00e7os Urbanos, no intuito de que seja realizado os seguintes pleitos na Avenida Napole\u00e3o Vieira da Silva, desta cidade (Avenida que d\u00e1 acesso ao Cemit\u00e9rio Morada da Paz):<\/p>\n","protected":false},"excerpt":{"rendered":"<p>Solicita\u00e7\u00e3o ao Exmo. Prefeito deste munic\u00edpio, Sr. Ant\u00f4nio Marcos Patriota, atrav\u00e9s da Secretaria Municipal de Infraestrutura e Servi\u00e7os Urbanos, no intuito de que seja realizado os seguintes pleitos na Avenida Napole\u00e3o Vieira da Silva, desta cidade (Avenida que d\u00e1 acesso <a class=\"leiamais\" href=\"https:\/\/jupi.pe.leg.br\/v3\/requerimento-104-2022\/\">VER MAIS <i class=\"fa-solid fa-chevron-right\"><\/i><\/a><\/p>\n","protected":false},"author":2,"featured_media":0,"comment_status":"open","ping_status":"open","sticky":false,"template":"","format":"standard","meta":{"_acf_changed":false,"footnotes":""},"categories":[27,5],"tags":[],"class_list":["post-902","post","type-post","status-publish","format-standard","hentry","category-ricardo","category-vereadores","active"],"acf":[],"_links":{"self":[{"href":"https:\/\/jupi.pe.leg.br\/v3\/wp-json\/wp\/v2\/posts\/902","targetHints":{"allow":["GET"]}}],"collection":[{"href":"https:\/\/jupi.pe.leg.br\/v3\/wp-json\/wp\/v2\/posts"}],"about":[{"href":"https:\/\/jupi.pe.leg.br\/v3\/wp-json\/wp\/v2\/types\/post"}],"author":[{"embeddable":true,"href":"https:\/\/jupi.pe.leg.br\/v3\/wp-json\/wp\/v2\/users\/2"}],"replies":[{"embeddable":true,"href":"https:\/\/jupi.pe.leg.br\/v3\/wp-json\/wp\/v2\/comments?post=902"}],"version-history":[{"count":0,"href":"https:\/\/jupi.pe.leg.br\/v3\/wp-json\/wp\/v2\/posts\/902\/revisions"}],"wp:attachment":[{"href":"https:\/\/jupi.pe.leg.br\/v3\/wp-json\/wp\/v2\/media?parent=902"}],"wp:term":[{"taxonomy":"category","embeddable":true,"href":"https:\/\/jupi.pe.leg.br\/v3\/wp-json\/wp\/v2\/categories?post=902"},{"taxonomy":"post_tag","embeddable":true,"href":"https:\/\/jupi.pe.leg.br\/v3\/wp-json\/wp\/v2\/tags?post=902"}],"curies":[{"name":"wp","href":"https:\/\/api.w.org\/{rel}","templated":true}]}}