{"id":882,"date":"2023-07-03T17:00:19","date_gmt":"2023-07-03T20:00:19","guid":{"rendered":"https:\/\/jupi.pe.leg.br\/v3\/?p=882"},"modified":"2023-07-03T17:02:00","modified_gmt":"2023-07-03T20:02:00","slug":"requerimento-089-2022","status":"publish","type":"post","link":"https:\/\/jupi.pe.leg.br\/v3\/requerimento-089-2022\/","title":{"rendered":"Requerimento 089\/2022"},"content":{"rendered":"<p>Solicita\u00e7\u00e3o ao Exmo. Prefeito deste Munic\u00edpio, Sr. Ant\u00f4nio Marcos Patriota, por interm\u00e9dio da Secretaria Municipal de Infraestrutura e Servi\u00e7os Urbanos, a implanta\u00e7\u00e3o de saneamento, cal\u00e7amento ou pavimenta\u00e7\u00e3o asf\u00e1ltica, na Rua Projetada que Inicia na Rua Rui Barbosa (ao lado da casa de farinha da Sra. Maria Rodrigues), at\u00e9 o Loteamento Augusto Ferreira de Almeida.<\/p>\n","protected":false},"excerpt":{"rendered":"<p>Solicita\u00e7\u00e3o ao Exmo. Prefeito deste Munic\u00edpio, Sr. Ant\u00f4nio Marcos Patriota, por interm\u00e9dio da Secretaria Municipal de Infraestrutura e Servi\u00e7os Urbanos, a implanta\u00e7\u00e3o de saneamento, cal\u00e7amento ou pavimenta\u00e7\u00e3o asf\u00e1ltica, na Rua Projetada que Inicia na Rua Rui Barbosa (ao lado da <a class=\"leiamais\" href=\"https:\/\/jupi.pe.leg.br\/v3\/requerimento-089-2022\/\">VER MAIS <i class=\"fa-solid fa-chevron-right\"><\/i><\/a><\/p>\n","protected":false},"author":2,"featured_media":0,"comment_status":"open","ping_status":"open","sticky":false,"template":"","format":"standard","meta":{"_acf_changed":false,"footnotes":""},"categories":[27,5],"tags":[],"class_list":["post-882","post","type-post","status-publish","format-standard","hentry","category-ricardo","category-vereadores","active"],"acf":[],"_links":{"self":[{"href":"https:\/\/jupi.pe.leg.br\/v3\/wp-json\/wp\/v2\/posts\/882","targetHints":{"allow":["GET"]}}],"collection":[{"href":"https:\/\/jupi.pe.leg.br\/v3\/wp-json\/wp\/v2\/posts"}],"about":[{"href":"https:\/\/jupi.pe.leg.br\/v3\/wp-json\/wp\/v2\/types\/post"}],"author":[{"embeddable":true,"href":"https:\/\/jupi.pe.leg.br\/v3\/wp-json\/wp\/v2\/users\/2"}],"replies":[{"embeddable":true,"href":"https:\/\/jupi.pe.leg.br\/v3\/wp-json\/wp\/v2\/comments?post=882"}],"version-history":[{"count":0,"href":"https:\/\/jupi.pe.leg.br\/v3\/wp-json\/wp\/v2\/posts\/882\/revisions"}],"wp:attachment":[{"href":"https:\/\/jupi.pe.leg.br\/v3\/wp-json\/wp\/v2\/media?parent=882"}],"wp:term":[{"taxonomy":"category","embeddable":true,"href":"https:\/\/jupi.pe.leg.br\/v3\/wp-json\/wp\/v2\/categories?post=882"},{"taxonomy":"post_tag","embeddable":true,"href":"https:\/\/jupi.pe.leg.br\/v3\/wp-json\/wp\/v2\/tags?post=882"}],"curies":[{"name":"wp","href":"https:\/\/api.w.org\/{rel}","templated":true}]}}