{"id":819,"date":"2023-02-01T10:33:59","date_gmt":"2023-02-01T13:33:59","guid":{"rendered":"https:\/\/jupi.pe.leg.br\/v3\/?p=819"},"modified":"2023-02-04T11:23:11","modified_gmt":"2023-02-04T14:23:11","slug":"camara-destaque-se-no-estado-em-indice-de-transparencia","status":"publish","type":"post","link":"https:\/\/jupi.pe.leg.br\/v3\/camara-destaque-se-no-estado-em-indice-de-transparencia\/","title":{"rendered":"C\u00e2mara Municipal \u00e9 destaque no Estado em \u00edndice de Transpar\u00eancia P\u00fablica"},"content":{"rendered":"<p style=\"text-align: justify; background: white; margin: 0cm 0cm 19.5pt 0cm;\"><span style=\"font-family: 'Arial',sans-serif; color: #222222;\">.<\/span><\/p>\n<p style=\"text-align: justify; background: white; margin: 0cm 0cm 19.5pt 0cm;\"><span style=\"font-family: 'Arial',sans-serif; color: #222222;\"><img loading=\"lazy\" decoding=\"async\" class=\"img-fluid aligncenter wp-image-827 size-full\" src=\"https:\/\/jupi.pe.leg.br\/v3\/wp-content\/uploads\/2023\/02\/transp.jpg\" alt=\"Tabela que demonstra a C\u00e2mara de Jupi como destaque no \u00edndice de transpar\u00eancia P\u00fablica 2022\" width=\"1280\" height=\"720\" data-wp-pid=\"827\" srcset=\"https:\/\/jupi.pe.leg.br\/v3\/wp-content\/uploads\/2023\/02\/transp.jpg 1280w, https:\/\/jupi.pe.leg.br\/v3\/wp-content\/uploads\/2023\/02\/transp-300x169.jpg 300w, https:\/\/jupi.pe.leg.br\/v3\/wp-content\/uploads\/2023\/02\/transp-1024x576.jpg 1024w, https:\/\/jupi.pe.leg.br\/v3\/wp-content\/uploads\/2023\/02\/transp-768x432.jpg 768w, https:\/\/jupi.pe.leg.br\/v3\/wp-content\/uploads\/2023\/02\/transp-800x450.jpg 800w, https:\/\/jupi.pe.leg.br\/v3\/wp-content\/uploads\/2023\/02\/transp-1200x675-cropped.jpg 1200w\" sizes=\"auto, (max-width: 1280px) 100vw, 1280px\" \/>Recentemente a C\u00e2mara Municipal de Jupi foi destaque no \u00cdndice de Transpar\u00eancia do Programa Nacional de Transpar\u00eancia P\u00fablica, divulgado na \u00faltima semana pelo Radar nacional de transpar\u00eancia P\u00fablica da ATRICON &#8211; <\/span><span style=\"font-family: 'Arial',sans-serif; color: #333333; background: white;\">Associa\u00e7\u00e3o dos Membros dos Tribunais de Contas do Brasil<\/span><span style=\"font-family: 'Arial',sans-serif; color: #222222;\">. Entre os 184 munic\u00edpios Pernambucano avaliados, essa Casa Legislativa ficou na 15\u00aa posi\u00e7\u00e3o.<\/span><\/p>\n<p>.<\/p>\n<p style=\"text-align: justify; background: white; box-sizing: border-box; overflow-wrap: break-word; font-variant-ligatures: normal; font-variant-caps: normal; orphans: 2; widows: 2; -webkit-text-stroke-width: 0px; text-decoration-thickness: initial; text-decoration-style: initial; text-decoration-color: initial; word-spacing: 0px; margin: 0cm 0cm 19.5pt 0cm;\"><span style=\"font-family: 'Arial',sans-serif; color: #222222;\">Essa avalia\u00e7\u00e3o \u00e9 constitu\u00edda pela an\u00e1lise da transpar\u00eancia administrativa, transpar\u00eancia financeira, transpar\u00eancia passiva, boas pr\u00e1ticas e usabilidade. Dentro dessa an\u00e1lise, a C\u00e2mara de Jupi atingiu 84,86% de pontua\u00e7\u00e3o, estando muito \u00e0 frente da m\u00e9dia estadual de 63,75% e junto da pequena parcela de munic\u00edpios com nota acima de 80%.<\/span><\/p>\n<p>.<\/p>\n<p>.<\/p>\n","protected":false},"excerpt":{"rendered":"<p>. Recentemente a C\u00e2mara Municipal de Jupi foi destaque no \u00cdndice de Transpar\u00eancia do Programa Nacional de Transpar\u00eancia P\u00fablica, divulgado na \u00faltima semana pelo Radar nacional de transpar\u00eancia P\u00fablica da ATRICON &#8211; Associa\u00e7\u00e3o dos Membros dos Tribunais de Contas do <a class=\"leiamais\" href=\"https:\/\/jupi.pe.leg.br\/v3\/camara-destaque-se-no-estado-em-indice-de-transparencia\/\">VER MAIS <i class=\"fa-solid fa-chevron-right\"><\/i><\/a><\/p>\n","protected":false},"author":2,"featured_media":827,"comment_status":"open","ping_status":"open","sticky":false,"template":"","format":"standard","meta":{"_acf_changed":false,"footnotes":""},"categories":[4],"tags":[],"class_list":["post-819","post","type-post","status-publish","format-standard","has-post-thumbnail","hentry","category-noticias","active"],"acf":[],"_links":{"self":[{"href":"https:\/\/jupi.pe.leg.br\/v3\/wp-json\/wp\/v2\/posts\/819","targetHints":{"allow":["GET"]}}],"collection":[{"href":"https:\/\/jupi.pe.leg.br\/v3\/wp-json\/wp\/v2\/posts"}],"about":[{"href":"https:\/\/jupi.pe.leg.br\/v3\/wp-json\/wp\/v2\/types\/post"}],"author":[{"embeddable":true,"href":"https:\/\/jupi.pe.leg.br\/v3\/wp-json\/wp\/v2\/users\/2"}],"replies":[{"embeddable":true,"href":"https:\/\/jupi.pe.leg.br\/v3\/wp-json\/wp\/v2\/comments?post=819"}],"version-history":[{"count":0,"href":"https:\/\/jupi.pe.leg.br\/v3\/wp-json\/wp\/v2\/posts\/819\/revisions"}],"wp:featuredmedia":[{"embeddable":true,"href":"https:\/\/jupi.pe.leg.br\/v3\/wp-json\/wp\/v2\/media\/827"}],"wp:attachment":[{"href":"https:\/\/jupi.pe.leg.br\/v3\/wp-json\/wp\/v2\/media?parent=819"}],"wp:term":[{"taxonomy":"category","embeddable":true,"href":"https:\/\/jupi.pe.leg.br\/v3\/wp-json\/wp\/v2\/categories?post=819"},{"taxonomy":"post_tag","embeddable":true,"href":"https:\/\/jupi.pe.leg.br\/v3\/wp-json\/wp\/v2\/tags?post=819"}],"curies":[{"name":"wp","href":"https:\/\/api.w.org\/{rel}","templated":true}]}}