{"id":814,"date":"2023-01-30T09:14:32","date_gmt":"2023-01-30T12:14:32","guid":{"rendered":"https:\/\/jupi.pe.leg.br\/v3\/?p=814"},"modified":"2023-02-04T11:18:41","modified_gmt":"2023-02-04T14:18:41","slug":"casa-zulmiro-guilherme-representada-em-encontro-da-uvp","status":"publish","type":"post","link":"https:\/\/jupi.pe.leg.br\/v3\/casa-zulmiro-guilherme-representada-em-encontro-da-uvp\/","title":{"rendered":"Casa Zulmiro Guilherme representada em encontro promovido pela UVP"},"content":{"rendered":"<p>Durante tr\u00eas dias (26, 27 e 28 de janeiro) a Uni\u00e3o dos Vereadores de Pernambuco \u2013 UVP promoveu na cidade de Bonito \u2013 PE, o encontro de forma\u00e7\u00e3o para mesas diretoras. Como o pr\u00f3prio nome j\u00e1 diz, esse encontro tinha como p\u00fablico alvo, os membros das novas mesas diretoras das casas legislativas dos munic\u00edpios de Pernambuco.<\/p>\n<p>.<\/p>\n<p>No encontro essa Casa de Leis esteve muito bem representada pelos seus membros o President L\u00eadson Lins o vice-presidente Ant\u00f4nio Liberato e a Secret\u00e1ria Rezilda Cavalcante.<\/p>\n<p>.<\/p>\n<p>Segundo o presidente L\u00eadson, encontros como esses s\u00e3o importantes para que todo o trato burocr\u00e1tico seja compreendido sob \u00e0 luz de uma entidade que bem representa a classe que tem um respaldo legal.<\/p>\n<p>.<\/p>\n<p>.<\/p>\n<p><img loading=\"lazy\" decoding=\"async\" width=\"800\" height=\"400\" class=\"img-fluid aligncenter size-full wp-image-815\" src=\"https:\/\/jupi.pe.leg.br\/v3\/wp-content\/uploads\/2023\/02\/encontro3.png\" alt=\"\" data-wp-pid=\"815\" srcset=\"https:\/\/jupi.pe.leg.br\/v3\/wp-content\/uploads\/2023\/02\/encontro3.png 800w, https:\/\/jupi.pe.leg.br\/v3\/wp-content\/uploads\/2023\/02\/encontro3-300x150.png 300w, https:\/\/jupi.pe.leg.br\/v3\/wp-content\/uploads\/2023\/02\/encontro3-768x384.png 768w\" sizes=\"auto, (max-width: 800px) 100vw, 800px\" \/> <img loading=\"lazy\" decoding=\"async\" width=\"800\" height=\"400\" class=\"img-fluid aligncenter size-full wp-image-816\" src=\"https:\/\/jupi.pe.leg.br\/v3\/wp-content\/uploads\/2023\/02\/encontro2.png\" alt=\"\" data-wp-pid=\"816\" srcset=\"https:\/\/jupi.pe.leg.br\/v3\/wp-content\/uploads\/2023\/02\/encontro2.png 800w, https:\/\/jupi.pe.leg.br\/v3\/wp-content\/uploads\/2023\/02\/encontro2-300x150.png 300w, https:\/\/jupi.pe.leg.br\/v3\/wp-content\/uploads\/2023\/02\/encontro2-768x384.png 768w\" sizes=\"auto, (max-width: 800px) 100vw, 800px\" \/> <img loading=\"lazy\" decoding=\"async\" width=\"800\" height=\"400\" class=\"img-fluid aligncenter size-full wp-image-817\" src=\"https:\/\/jupi.pe.leg.br\/v3\/wp-content\/uploads\/2023\/02\/encontro1.png\" alt=\"\" data-wp-pid=\"817\" srcset=\"https:\/\/jupi.pe.leg.br\/v3\/wp-content\/uploads\/2023\/02\/encontro1.png 800w, https:\/\/jupi.pe.leg.br\/v3\/wp-content\/uploads\/2023\/02\/encontro1-300x150.png 300w, https:\/\/jupi.pe.leg.br\/v3\/wp-content\/uploads\/2023\/02\/encontro1-768x384.png 768w\" sizes=\"auto, (max-width: 800px) 100vw, 800px\" \/><\/p>\n","protected":false},"excerpt":{"rendered":"<p>Durante tr\u00eas dias (26, 27 e 28 de janeiro) a Uni\u00e3o dos Vereadores de Pernambuco \u2013 UVP promoveu na cidade de Bonito \u2013 PE, o encontro de forma\u00e7\u00e3o para mesas diretoras. Como o pr\u00f3prio nome j\u00e1 diz, esse encontro tinha <a class=\"leiamais\" href=\"https:\/\/jupi.pe.leg.br\/v3\/casa-zulmiro-guilherme-representada-em-encontro-da-uvp\/\">VER MAIS <i class=\"fa-solid fa-chevron-right\"><\/i><\/a><\/p>\n","protected":false},"author":2,"featured_media":826,"comment_status":"open","ping_status":"open","sticky":false,"template":"","format":"standard","meta":{"_acf_changed":false,"footnotes":""},"categories":[4],"tags":[],"class_list":["post-814","post","type-post","status-publish","format-standard","has-post-thumbnail","hentry","category-noticias","active"],"acf":[],"_links":{"self":[{"href":"https:\/\/jupi.pe.leg.br\/v3\/wp-json\/wp\/v2\/posts\/814","targetHints":{"allow":["GET"]}}],"collection":[{"href":"https:\/\/jupi.pe.leg.br\/v3\/wp-json\/wp\/v2\/posts"}],"about":[{"href":"https:\/\/jupi.pe.leg.br\/v3\/wp-json\/wp\/v2\/types\/post"}],"author":[{"embeddable":true,"href":"https:\/\/jupi.pe.leg.br\/v3\/wp-json\/wp\/v2\/users\/2"}],"replies":[{"embeddable":true,"href":"https:\/\/jupi.pe.leg.br\/v3\/wp-json\/wp\/v2\/comments?post=814"}],"version-history":[{"count":0,"href":"https:\/\/jupi.pe.leg.br\/v3\/wp-json\/wp\/v2\/posts\/814\/revisions"}],"wp:featuredmedia":[{"embeddable":true,"href":"https:\/\/jupi.pe.leg.br\/v3\/wp-json\/wp\/v2\/media\/826"}],"wp:attachment":[{"href":"https:\/\/jupi.pe.leg.br\/v3\/wp-json\/wp\/v2\/media?parent=814"}],"wp:term":[{"taxonomy":"category","embeddable":true,"href":"https:\/\/jupi.pe.leg.br\/v3\/wp-json\/wp\/v2\/categories?post=814"},{"taxonomy":"post_tag","embeddable":true,"href":"https:\/\/jupi.pe.leg.br\/v3\/wp-json\/wp\/v2\/tags?post=814"}],"curies":[{"name":"wp","href":"https:\/\/api.w.org\/{rel}","templated":true}]}}