{"id":777,"date":"2022-06-24T18:45:31","date_gmt":"2022-06-24T21:45:31","guid":{"rendered":"https:\/\/jupi.pe.leg.br\/v3\/?p=777"},"modified":"2022-06-24T18:45:31","modified_gmt":"2022-06-24T21:45:31","slug":"requerimento-057-2022","status":"publish","type":"post","link":"https:\/\/jupi.pe.leg.br\/v3\/requerimento-057-2022\/","title":{"rendered":"Requerimento 057\/2022"},"content":{"rendered":"<p>Requeiro que seja colocado aterro em toda a extens\u00e3o da estrada em frente a resid\u00eancia do Sr. Jo\u00e3ozinho Felix, sentido a caixa d\u2019\u00e1gua do s\u00edtio Chicuru.<\/p>\n","protected":false},"excerpt":{"rendered":"<p>Requeiro que seja colocado aterro em toda a extens\u00e3o da estrada em frente a resid\u00eancia do Sr. Jo\u00e3ozinho Felix, sentido a caixa d\u2019\u00e1gua do s\u00edtio Chicuru.<\/p>\n","protected":false},"author":2,"featured_media":0,"comment_status":"open","ping_status":"open","sticky":false,"template":"","format":"standard","meta":{"_acf_changed":false,"footnotes":""},"categories":[27,5],"tags":[],"class_list":["post-777","post","type-post","status-publish","format-standard","hentry","category-ricardo","category-vereadores","active"],"acf":[],"_links":{"self":[{"href":"https:\/\/jupi.pe.leg.br\/v3\/wp-json\/wp\/v2\/posts\/777","targetHints":{"allow":["GET"]}}],"collection":[{"href":"https:\/\/jupi.pe.leg.br\/v3\/wp-json\/wp\/v2\/posts"}],"about":[{"href":"https:\/\/jupi.pe.leg.br\/v3\/wp-json\/wp\/v2\/types\/post"}],"author":[{"embeddable":true,"href":"https:\/\/jupi.pe.leg.br\/v3\/wp-json\/wp\/v2\/users\/2"}],"replies":[{"embeddable":true,"href":"https:\/\/jupi.pe.leg.br\/v3\/wp-json\/wp\/v2\/comments?post=777"}],"version-history":[{"count":0,"href":"https:\/\/jupi.pe.leg.br\/v3\/wp-json\/wp\/v2\/posts\/777\/revisions"}],"wp:attachment":[{"href":"https:\/\/jupi.pe.leg.br\/v3\/wp-json\/wp\/v2\/media?parent=777"}],"wp:term":[{"taxonomy":"category","embeddable":true,"href":"https:\/\/jupi.pe.leg.br\/v3\/wp-json\/wp\/v2\/categories?post=777"},{"taxonomy":"post_tag","embeddable":true,"href":"https:\/\/jupi.pe.leg.br\/v3\/wp-json\/wp\/v2\/tags?post=777"}],"curies":[{"name":"wp","href":"https:\/\/api.w.org\/{rel}","templated":true}]}}