{"id":756,"date":"2022-06-24T18:41:42","date_gmt":"2022-06-24T21:41:42","guid":{"rendered":"https:\/\/jupi.pe.leg.br\/v3\/?p=756"},"modified":"2022-06-24T18:41:42","modified_gmt":"2022-06-24T21:41:42","slug":"requerimento-044-2022","status":"publish","type":"post","link":"https:\/\/jupi.pe.leg.br\/v3\/requerimento-044-2022\/","title":{"rendered":"Requerimento 044\/2022"},"content":{"rendered":"<p>Requeiro que seja realizado a aquisi\u00e7\u00e3o de um caminh\u00e3o ca\u00e7amba, carrinhos coletores de lixo com pneu e carrinhos de m\u00e3o (carro\u00e7a), no intuito de melhora e tornar mais \u00e1gil o servi\u00e7o de coleta de lixo em nossa cidade<\/p>\n","protected":false},"excerpt":{"rendered":"<p>Requeiro que seja realizado a aquisi\u00e7\u00e3o de um caminh\u00e3o ca\u00e7amba, carrinhos coletores de lixo com pneu e carrinhos de m\u00e3o (carro\u00e7a), no intuito de melhora e tornar mais \u00e1gil o servi\u00e7o de coleta de lixo em nossa cidade<\/p>\n","protected":false},"author":2,"featured_media":0,"comment_status":"open","ping_status":"open","sticky":false,"template":"","format":"standard","meta":{"_acf_changed":false,"footnotes":""},"categories":[28,5],"tags":[],"class_list":["post-756","post","type-post","status-publish","format-standard","hentry","category-rezilda","category-vereadores","active"],"acf":[],"_links":{"self":[{"href":"https:\/\/jupi.pe.leg.br\/v3\/wp-json\/wp\/v2\/posts\/756","targetHints":{"allow":["GET"]}}],"collection":[{"href":"https:\/\/jupi.pe.leg.br\/v3\/wp-json\/wp\/v2\/posts"}],"about":[{"href":"https:\/\/jupi.pe.leg.br\/v3\/wp-json\/wp\/v2\/types\/post"}],"author":[{"embeddable":true,"href":"https:\/\/jupi.pe.leg.br\/v3\/wp-json\/wp\/v2\/users\/2"}],"replies":[{"embeddable":true,"href":"https:\/\/jupi.pe.leg.br\/v3\/wp-json\/wp\/v2\/comments?post=756"}],"version-history":[{"count":0,"href":"https:\/\/jupi.pe.leg.br\/v3\/wp-json\/wp\/v2\/posts\/756\/revisions"}],"wp:attachment":[{"href":"https:\/\/jupi.pe.leg.br\/v3\/wp-json\/wp\/v2\/media?parent=756"}],"wp:term":[{"taxonomy":"category","embeddable":true,"href":"https:\/\/jupi.pe.leg.br\/v3\/wp-json\/wp\/v2\/categories?post=756"},{"taxonomy":"post_tag","embeddable":true,"href":"https:\/\/jupi.pe.leg.br\/v3\/wp-json\/wp\/v2\/tags?post=756"}],"curies":[{"name":"wp","href":"https:\/\/api.w.org\/{rel}","templated":true}]}}