{"id":713,"date":"2022-06-24T18:33:00","date_gmt":"2022-06-24T21:33:00","guid":{"rendered":"https:\/\/jupi.pe.leg.br\/v3\/?p=713"},"modified":"2022-06-24T18:33:00","modified_gmt":"2022-06-24T21:33:00","slug":"requerimento-077-2022","status":"publish","type":"post","link":"https:\/\/jupi.pe.leg.br\/v3\/requerimento-077-2022\/","title":{"rendered":"Requerimento 077\/2022"},"content":{"rendered":"<p>Requeiro que sejam atendidas as solicita\u00e7\u00f5es feitas atrav\u00e9s do requerimento 060\/2020 \u2013 Pavimenta\u00e7\u00e3o asf\u00e1ltica das ruas Dirceu Teixeira de Lima e Ant\u00f4nio Almeida do Nascimento, desta cidade.<\/p>\n","protected":false},"excerpt":{"rendered":"<p>Requeiro que sejam atendidas as solicita\u00e7\u00f5es feitas atrav\u00e9s do requerimento 060\/2020 \u2013 Pavimenta\u00e7\u00e3o asf\u00e1ltica das ruas Dirceu Teixeira de Lima e Ant\u00f4nio Almeida do Nascimento, desta cidade.<\/p>\n","protected":false},"author":2,"featured_media":0,"comment_status":"open","ping_status":"open","sticky":false,"template":"","format":"standard","meta":{"_acf_changed":false,"footnotes":""},"categories":[23,5],"tags":[],"class_list":["post-713","post","type-post","status-publish","format-standard","hentry","category-ver_antoniodacolonia","category-vereadores","active"],"acf":[],"_links":{"self":[{"href":"https:\/\/jupi.pe.leg.br\/v3\/wp-json\/wp\/v2\/posts\/713","targetHints":{"allow":["GET"]}}],"collection":[{"href":"https:\/\/jupi.pe.leg.br\/v3\/wp-json\/wp\/v2\/posts"}],"about":[{"href":"https:\/\/jupi.pe.leg.br\/v3\/wp-json\/wp\/v2\/types\/post"}],"author":[{"embeddable":true,"href":"https:\/\/jupi.pe.leg.br\/v3\/wp-json\/wp\/v2\/users\/2"}],"replies":[{"embeddable":true,"href":"https:\/\/jupi.pe.leg.br\/v3\/wp-json\/wp\/v2\/comments?post=713"}],"version-history":[{"count":0,"href":"https:\/\/jupi.pe.leg.br\/v3\/wp-json\/wp\/v2\/posts\/713\/revisions"}],"wp:attachment":[{"href":"https:\/\/jupi.pe.leg.br\/v3\/wp-json\/wp\/v2\/media?parent=713"}],"wp:term":[{"taxonomy":"category","embeddable":true,"href":"https:\/\/jupi.pe.leg.br\/v3\/wp-json\/wp\/v2\/categories?post=713"},{"taxonomy":"post_tag","embeddable":true,"href":"https:\/\/jupi.pe.leg.br\/v3\/wp-json\/wp\/v2\/tags?post=713"}],"curies":[{"name":"wp","href":"https:\/\/api.w.org\/{rel}","templated":true}]}}