{"id":701,"date":"2022-06-24T18:30:50","date_gmt":"2022-06-24T21:30:50","guid":{"rendered":"https:\/\/jupi.pe.leg.br\/v3\/?p=701"},"modified":"2022-06-24T18:30:50","modified_gmt":"2022-06-24T21:30:50","slug":"requerimento-056-2022","status":"publish","type":"post","link":"https:\/\/jupi.pe.leg.br\/v3\/requerimento-056-2022\/","title":{"rendered":"Requerimento 056\/2022"},"content":{"rendered":"<p>Requeiro que sejam atendidas as solicita\u00e7\u00f5es feitas atrav\u00e9s dos requerimentos 033\/2007 \u2013 026\/2009 &#8211;\u00a0 044\/2011 \u2013 029\/2020 \u2013 081-2021 \u2013 implanta\u00e7\u00e3o do PCC \u2013 Plano de Cargos e Carreiras dos Servidores P\u00fablicos Municipais da Secretaria de Sa\u00fade deste Munic\u00edpio.<\/p>\n","protected":false},"excerpt":{"rendered":"<p>Requeiro que sejam atendidas as solicita\u00e7\u00f5es feitas atrav\u00e9s dos requerimentos 033\/2007 \u2013 026\/2009 &#8211;\u00a0 044\/2011 \u2013 029\/2020 \u2013 081-2021 \u2013 implanta\u00e7\u00e3o do PCC \u2013 Plano de Cargos e Carreiras dos Servidores P\u00fablicos Municipais da Secretaria de Sa\u00fade deste Munic\u00edpio.<\/p>\n","protected":false},"author":2,"featured_media":0,"comment_status":"open","ping_status":"open","sticky":false,"template":"","format":"standard","meta":{"_acf_changed":false,"footnotes":""},"categories":[23,5],"tags":[],"class_list":["post-701","post","type-post","status-publish","format-standard","hentry","category-ver_antoniodacolonia","category-vereadores","active"],"acf":[],"_links":{"self":[{"href":"https:\/\/jupi.pe.leg.br\/v3\/wp-json\/wp\/v2\/posts\/701","targetHints":{"allow":["GET"]}}],"collection":[{"href":"https:\/\/jupi.pe.leg.br\/v3\/wp-json\/wp\/v2\/posts"}],"about":[{"href":"https:\/\/jupi.pe.leg.br\/v3\/wp-json\/wp\/v2\/types\/post"}],"author":[{"embeddable":true,"href":"https:\/\/jupi.pe.leg.br\/v3\/wp-json\/wp\/v2\/users\/2"}],"replies":[{"embeddable":true,"href":"https:\/\/jupi.pe.leg.br\/v3\/wp-json\/wp\/v2\/comments?post=701"}],"version-history":[{"count":0,"href":"https:\/\/jupi.pe.leg.br\/v3\/wp-json\/wp\/v2\/posts\/701\/revisions"}],"wp:attachment":[{"href":"https:\/\/jupi.pe.leg.br\/v3\/wp-json\/wp\/v2\/media?parent=701"}],"wp:term":[{"taxonomy":"category","embeddable":true,"href":"https:\/\/jupi.pe.leg.br\/v3\/wp-json\/wp\/v2\/categories?post=701"},{"taxonomy":"post_tag","embeddable":true,"href":"https:\/\/jupi.pe.leg.br\/v3\/wp-json\/wp\/v2\/tags?post=701"}],"curies":[{"name":"wp","href":"https:\/\/api.w.org\/{rel}","templated":true}]}}