{"id":698,"date":"2022-06-24T18:30:23","date_gmt":"2022-06-24T21:30:23","guid":{"rendered":"https:\/\/jupi.pe.leg.br\/v3\/?p=698"},"modified":"2022-06-24T18:30:23","modified_gmt":"2022-06-24T21:30:23","slug":"requerimento-055-2022","status":"publish","type":"post","link":"https:\/\/jupi.pe.leg.br\/v3\/requerimento-055-2022\/","title":{"rendered":"Requerimento 055\/2022"},"content":{"rendered":"<p>Requeiro que sejam atendidas as solicita\u00e7\u00f5es feitas atrav\u00e9s dos requerimentos 012\/2012 \u2013 011\/2017 &#8211;\u00a0 034\/2019 \u2013 028\/2020 \u2013 029-2021 \u2013 implanta\u00e7\u00e3o dos servi\u00e7os de raio X do Hospital Municipal Claudina Teixeira, desta cidade.<\/p>\n","protected":false},"excerpt":{"rendered":"<p>Requeiro que sejam atendidas as solicita\u00e7\u00f5es feitas atrav\u00e9s dos requerimentos 012\/2012 \u2013 011\/2017 &#8211;\u00a0 034\/2019 \u2013 028\/2020 \u2013 029-2021 \u2013 implanta\u00e7\u00e3o dos servi\u00e7os de raio X do Hospital Municipal Claudina Teixeira, desta cidade.<\/p>\n","protected":false},"author":2,"featured_media":0,"comment_status":"open","ping_status":"open","sticky":false,"template":"","format":"standard","meta":{"_acf_changed":false,"footnotes":""},"categories":[23,5],"tags":[],"class_list":["post-698","post","type-post","status-publish","format-standard","hentry","category-ver_antoniodacolonia","category-vereadores","active"],"acf":[],"_links":{"self":[{"href":"https:\/\/jupi.pe.leg.br\/v3\/wp-json\/wp\/v2\/posts\/698","targetHints":{"allow":["GET"]}}],"collection":[{"href":"https:\/\/jupi.pe.leg.br\/v3\/wp-json\/wp\/v2\/posts"}],"about":[{"href":"https:\/\/jupi.pe.leg.br\/v3\/wp-json\/wp\/v2\/types\/post"}],"author":[{"embeddable":true,"href":"https:\/\/jupi.pe.leg.br\/v3\/wp-json\/wp\/v2\/users\/2"}],"replies":[{"embeddable":true,"href":"https:\/\/jupi.pe.leg.br\/v3\/wp-json\/wp\/v2\/comments?post=698"}],"version-history":[{"count":0,"href":"https:\/\/jupi.pe.leg.br\/v3\/wp-json\/wp\/v2\/posts\/698\/revisions"}],"wp:attachment":[{"href":"https:\/\/jupi.pe.leg.br\/v3\/wp-json\/wp\/v2\/media?parent=698"}],"wp:term":[{"taxonomy":"category","embeddable":true,"href":"https:\/\/jupi.pe.leg.br\/v3\/wp-json\/wp\/v2\/categories?post=698"},{"taxonomy":"post_tag","embeddable":true,"href":"https:\/\/jupi.pe.leg.br\/v3\/wp-json\/wp\/v2\/tags?post=698"}],"curies":[{"name":"wp","href":"https:\/\/api.w.org\/{rel}","templated":true}]}}