{"id":676,"date":"2022-06-24T18:19:41","date_gmt":"2022-06-24T21:19:41","guid":{"rendered":"https:\/\/jupi.pe.leg.br\/v3\/?p=676"},"modified":"2022-06-24T18:19:41","modified_gmt":"2022-06-24T21:19:41","slug":"requerimento-079-2022","status":"publish","type":"post","link":"https:\/\/jupi.pe.leg.br\/v3\/requerimento-079-2022\/","title":{"rendered":"Requerimento 079\/2022"},"content":{"rendered":"<p>Requeiro que seja realizada a constru\u00e7\u00e3o de cal\u00e7amento ou pavimenta\u00e7\u00e3o asf\u00e1ltica na ladeira que d\u00e1 acesso \u00e0 Escola Jonas Correia de Oliveira e ao Povoado Santa Rita deste Munic\u00edpio.<\/p>\n","protected":false},"excerpt":{"rendered":"<p>Requeiro que seja realizada a constru\u00e7\u00e3o de cal\u00e7amento ou pavimenta\u00e7\u00e3o asf\u00e1ltica na ladeira que d\u00e1 acesso \u00e0 Escola Jonas Correia de Oliveira e ao Povoado Santa Rita deste Munic\u00edpio.<\/p>\n","protected":false},"author":2,"featured_media":0,"comment_status":"open","ping_status":"open","sticky":false,"template":"","format":"standard","meta":{"_acf_changed":false,"footnotes":""},"categories":[13,5],"tags":[],"class_list":["post-676","post","type-post","status-publish","format-standard","hentry","category-ver_toinho","category-vereadores","active"],"acf":[],"_links":{"self":[{"href":"https:\/\/jupi.pe.leg.br\/v3\/wp-json\/wp\/v2\/posts\/676","targetHints":{"allow":["GET"]}}],"collection":[{"href":"https:\/\/jupi.pe.leg.br\/v3\/wp-json\/wp\/v2\/posts"}],"about":[{"href":"https:\/\/jupi.pe.leg.br\/v3\/wp-json\/wp\/v2\/types\/post"}],"author":[{"embeddable":true,"href":"https:\/\/jupi.pe.leg.br\/v3\/wp-json\/wp\/v2\/users\/2"}],"replies":[{"embeddable":true,"href":"https:\/\/jupi.pe.leg.br\/v3\/wp-json\/wp\/v2\/comments?post=676"}],"version-history":[{"count":0,"href":"https:\/\/jupi.pe.leg.br\/v3\/wp-json\/wp\/v2\/posts\/676\/revisions"}],"wp:attachment":[{"href":"https:\/\/jupi.pe.leg.br\/v3\/wp-json\/wp\/v2\/media?parent=676"}],"wp:term":[{"taxonomy":"category","embeddable":true,"href":"https:\/\/jupi.pe.leg.br\/v3\/wp-json\/wp\/v2\/categories?post=676"},{"taxonomy":"post_tag","embeddable":true,"href":"https:\/\/jupi.pe.leg.br\/v3\/wp-json\/wp\/v2\/tags?post=676"}],"curies":[{"name":"wp","href":"https:\/\/api.w.org\/{rel}","templated":true}]}}