{"id":653,"date":"2022-04-11T17:24:24","date_gmt":"2022-04-11T20:24:24","guid":{"rendered":"https:\/\/jupi.pe.leg.br\/v3\/?p=653"},"modified":"2022-04-11T17:24:24","modified_gmt":"2022-04-11T20:24:24","slug":"requerimento-028-2022","status":"publish","type":"post","link":"https:\/\/jupi.pe.leg.br\/v3\/requerimento-028-2022\/","title":{"rendered":"Requerimento 028\/2022"},"content":{"rendered":"<p>Requeiro ao Governo Municipal \u2013 Que seja viabilizado a cria\u00e7\u00e3o de um programa nutricional para atender as fam\u00edlias em situa\u00e7\u00e3o de vulnerabilidade deste munic\u00edpio, podendo ser chamar \u2018PROGRAMA PRATO CHEIO\u2019 [&#8230;]<\/p>\n","protected":false},"excerpt":{"rendered":"<p>Requeiro ao Governo Municipal \u2013 Que seja viabilizado a cria\u00e7\u00e3o de um programa nutricional para atender as fam\u00edlias em situa\u00e7\u00e3o de vulnerabilidade deste munic\u00edpio, podendo ser chamar \u2018PROGRAMA PRATO CHEIO\u2019 [&#8230;]<\/p>\n","protected":false},"author":2,"featured_media":0,"comment_status":"open","ping_status":"open","sticky":false,"template":"","format":"standard","meta":{"_acf_changed":false,"footnotes":""},"categories":[12,5],"tags":[],"class_list":["post-653","post","type-post","status-publish","format-standard","hentry","category-ver_ledson","category-vereadores","active"],"acf":[],"_links":{"self":[{"href":"https:\/\/jupi.pe.leg.br\/v3\/wp-json\/wp\/v2\/posts\/653","targetHints":{"allow":["GET"]}}],"collection":[{"href":"https:\/\/jupi.pe.leg.br\/v3\/wp-json\/wp\/v2\/posts"}],"about":[{"href":"https:\/\/jupi.pe.leg.br\/v3\/wp-json\/wp\/v2\/types\/post"}],"author":[{"embeddable":true,"href":"https:\/\/jupi.pe.leg.br\/v3\/wp-json\/wp\/v2\/users\/2"}],"replies":[{"embeddable":true,"href":"https:\/\/jupi.pe.leg.br\/v3\/wp-json\/wp\/v2\/comments?post=653"}],"version-history":[{"count":0,"href":"https:\/\/jupi.pe.leg.br\/v3\/wp-json\/wp\/v2\/posts\/653\/revisions"}],"wp:attachment":[{"href":"https:\/\/jupi.pe.leg.br\/v3\/wp-json\/wp\/v2\/media?parent=653"}],"wp:term":[{"taxonomy":"category","embeddable":true,"href":"https:\/\/jupi.pe.leg.br\/v3\/wp-json\/wp\/v2\/categories?post=653"},{"taxonomy":"post_tag","embeddable":true,"href":"https:\/\/jupi.pe.leg.br\/v3\/wp-json\/wp\/v2\/tags?post=653"}],"curies":[{"name":"wp","href":"https:\/\/api.w.org\/{rel}","templated":true}]}}