{"id":649,"date":"2022-04-11T17:23:32","date_gmt":"2022-04-11T20:23:32","guid":{"rendered":"https:\/\/jupi.pe.leg.br\/v3\/?p=649"},"modified":"2022-04-11T17:23:32","modified_gmt":"2022-04-11T20:23:32","slug":"requerimento-012-2022","status":"publish","type":"post","link":"https:\/\/jupi.pe.leg.br\/v3\/requerimento-012-2022\/","title":{"rendered":"Requerimento 012\/2022"},"content":{"rendered":"<p>Requeiro ao Governo Municipal \u2013 Que seja realizada a constru\u00e7\u00e3o de uma pra\u00e7a de conv\u00edvio social, dotada academia ao ar livre, na comunidade do Alto dos Santos, desta cidade [&#8230;]<\/p>\n","protected":false},"excerpt":{"rendered":"<p>Requeiro ao Governo Municipal \u2013 Que seja realizada a constru\u00e7\u00e3o de uma pra\u00e7a de conv\u00edvio social, dotada academia ao ar livre, na comunidade do Alto dos Santos, desta cidade [&#8230;]<\/p>\n","protected":false},"author":2,"featured_media":0,"comment_status":"open","ping_status":"open","sticky":false,"template":"","format":"standard","meta":{"_acf_changed":false,"footnotes":""},"categories":[12,5],"tags":[],"class_list":["post-649","post","type-post","status-publish","format-standard","hentry","category-ver_ledson","category-vereadores","active"],"acf":[],"_links":{"self":[{"href":"https:\/\/jupi.pe.leg.br\/v3\/wp-json\/wp\/v2\/posts\/649","targetHints":{"allow":["GET"]}}],"collection":[{"href":"https:\/\/jupi.pe.leg.br\/v3\/wp-json\/wp\/v2\/posts"}],"about":[{"href":"https:\/\/jupi.pe.leg.br\/v3\/wp-json\/wp\/v2\/types\/post"}],"author":[{"embeddable":true,"href":"https:\/\/jupi.pe.leg.br\/v3\/wp-json\/wp\/v2\/users\/2"}],"replies":[{"embeddable":true,"href":"https:\/\/jupi.pe.leg.br\/v3\/wp-json\/wp\/v2\/comments?post=649"}],"version-history":[{"count":0,"href":"https:\/\/jupi.pe.leg.br\/v3\/wp-json\/wp\/v2\/posts\/649\/revisions"}],"wp:attachment":[{"href":"https:\/\/jupi.pe.leg.br\/v3\/wp-json\/wp\/v2\/media?parent=649"}],"wp:term":[{"taxonomy":"category","embeddable":true,"href":"https:\/\/jupi.pe.leg.br\/v3\/wp-json\/wp\/v2\/categories?post=649"},{"taxonomy":"post_tag","embeddable":true,"href":"https:\/\/jupi.pe.leg.br\/v3\/wp-json\/wp\/v2\/tags?post=649"}],"curies":[{"name":"wp","href":"https:\/\/api.w.org\/{rel}","templated":true}]}}