{"id":635,"date":"2022-04-11T17:16:39","date_gmt":"2022-04-11T20:16:39","guid":{"rendered":"https:\/\/jupi.pe.leg.br\/v3\/?p=635"},"modified":"2022-04-11T17:16:39","modified_gmt":"2022-04-11T20:16:39","slug":"requerimento-033-2022","status":"publish","type":"post","link":"https:\/\/jupi.pe.leg.br\/v3\/requerimento-033-2022\/","title":{"rendered":"Requerimento 033\/2022"},"content":{"rendered":"<p>Requeiro ao Governo Municipal \u2013 Que seja realizada a aquisi\u00e7\u00e3o de um terreno destinado \u00e0 implanta\u00e7\u00e3o de um distrito industrial em nosso munic\u00edpio [&#8230;]<\/p>\n","protected":false},"excerpt":{"rendered":"<p>Requeiro ao Governo Municipal \u2013 Que seja realizada a aquisi\u00e7\u00e3o de um terreno destinado \u00e0 implanta\u00e7\u00e3o de um distrito industrial em nosso munic\u00edpio [&#8230;]<\/p>\n","protected":false},"author":2,"featured_media":0,"comment_status":"open","ping_status":"open","sticky":false,"template":"","format":"standard","meta":{"_acf_changed":false,"footnotes":""},"categories":[26,5],"tags":[],"class_list":["post-635","post","type-post","status-publish","format-standard","hentry","category-fabio-da-raposa","category-vereadores","active"],"acf":[],"_links":{"self":[{"href":"https:\/\/jupi.pe.leg.br\/v3\/wp-json\/wp\/v2\/posts\/635","targetHints":{"allow":["GET"]}}],"collection":[{"href":"https:\/\/jupi.pe.leg.br\/v3\/wp-json\/wp\/v2\/posts"}],"about":[{"href":"https:\/\/jupi.pe.leg.br\/v3\/wp-json\/wp\/v2\/types\/post"}],"author":[{"embeddable":true,"href":"https:\/\/jupi.pe.leg.br\/v3\/wp-json\/wp\/v2\/users\/2"}],"replies":[{"embeddable":true,"href":"https:\/\/jupi.pe.leg.br\/v3\/wp-json\/wp\/v2\/comments?post=635"}],"version-history":[{"count":0,"href":"https:\/\/jupi.pe.leg.br\/v3\/wp-json\/wp\/v2\/posts\/635\/revisions"}],"wp:attachment":[{"href":"https:\/\/jupi.pe.leg.br\/v3\/wp-json\/wp\/v2\/media?parent=635"}],"wp:term":[{"taxonomy":"category","embeddable":true,"href":"https:\/\/jupi.pe.leg.br\/v3\/wp-json\/wp\/v2\/categories?post=635"},{"taxonomy":"post_tag","embeddable":true,"href":"https:\/\/jupi.pe.leg.br\/v3\/wp-json\/wp\/v2\/tags?post=635"}],"curies":[{"name":"wp","href":"https:\/\/api.w.org\/{rel}","templated":true}]}}