{"id":613,"date":"2022-04-11T17:05:02","date_gmt":"2022-04-11T20:05:02","guid":{"rendered":"https:\/\/jupi.pe.leg.br\/v3\/?p=613"},"modified":"2022-04-11T17:05:02","modified_gmt":"2022-04-11T20:05:02","slug":"requerimento-019-2022","status":"publish","type":"post","link":"https:\/\/jupi.pe.leg.br\/v3\/requerimento-019-2022\/","title":{"rendered":"Requerimento 019\/2022"},"content":{"rendered":"<p>Requeiro ao Governo Municipal \u2013 Que seja realizada a constru\u00e7\u00e3o de uma Quadra Poliesportiva na Escola Municipal Ant\u00f4nio Lopes de Ara\u00fajo, situada no s\u00edtio Pau Ferro, deste munic\u00edpio [&#8230;]<\/p>\n","protected":false},"excerpt":{"rendered":"<p>Requeiro ao Governo Municipal \u2013 Que seja realizada a constru\u00e7\u00e3o de uma Quadra Poliesportiva na Escola Municipal Ant\u00f4nio Lopes de Ara\u00fajo, situada no s\u00edtio Pau Ferro, deste munic\u00edpio [&#8230;]<\/p>\n","protected":false},"author":2,"featured_media":0,"comment_status":"open","ping_status":"open","sticky":false,"template":"","format":"standard","meta":{"_acf_changed":false,"footnotes":""},"categories":[23,5],"tags":[],"class_list":["post-613","post","type-post","status-publish","format-standard","hentry","category-ver_antoniodacolonia","category-vereadores","active"],"acf":[],"_links":{"self":[{"href":"https:\/\/jupi.pe.leg.br\/v3\/wp-json\/wp\/v2\/posts\/613","targetHints":{"allow":["GET"]}}],"collection":[{"href":"https:\/\/jupi.pe.leg.br\/v3\/wp-json\/wp\/v2\/posts"}],"about":[{"href":"https:\/\/jupi.pe.leg.br\/v3\/wp-json\/wp\/v2\/types\/post"}],"author":[{"embeddable":true,"href":"https:\/\/jupi.pe.leg.br\/v3\/wp-json\/wp\/v2\/users\/2"}],"replies":[{"embeddable":true,"href":"https:\/\/jupi.pe.leg.br\/v3\/wp-json\/wp\/v2\/comments?post=613"}],"version-history":[{"count":0,"href":"https:\/\/jupi.pe.leg.br\/v3\/wp-json\/wp\/v2\/posts\/613\/revisions"}],"wp:attachment":[{"href":"https:\/\/jupi.pe.leg.br\/v3\/wp-json\/wp\/v2\/media?parent=613"}],"wp:term":[{"taxonomy":"category","embeddable":true,"href":"https:\/\/jupi.pe.leg.br\/v3\/wp-json\/wp\/v2\/categories?post=613"},{"taxonomy":"post_tag","embeddable":true,"href":"https:\/\/jupi.pe.leg.br\/v3\/wp-json\/wp\/v2\/tags?post=613"}],"curies":[{"name":"wp","href":"https:\/\/api.w.org\/{rel}","templated":true}]}}