{"id":559,"date":"2022-04-11T16:20:14","date_gmt":"2022-04-11T19:20:14","guid":{"rendered":"https:\/\/jupi.pe.leg.br\/v3\/?p=559"},"modified":"2022-04-11T16:20:14","modified_gmt":"2022-04-11T19:20:14","slug":"requerimento-005-2022","status":"publish","type":"post","link":"https:\/\/jupi.pe.leg.br\/v3\/requerimento-005-2022\/","title":{"rendered":"Requerimento 005\/2022"},"content":{"rendered":"<p>Requeiro ao Governo Municipal &#8211; Empenho no intuito de que seja Criado um Programa de Produ\u00e7\u00e3o e Distribui\u00e7\u00e3o de Sementes de Feij\u00e3o, Milho e Mandioca para doa\u00e7\u00e3o aos trabalhadores da agricultura familiar [&#8230;]<\/p>\n","protected":false},"excerpt":{"rendered":"<p>Requeiro ao Governo Municipal &#8211; Empenho no intuito de que seja Criado um Programa de Produ\u00e7\u00e3o e Distribui\u00e7\u00e3o de Sementes de Feij\u00e3o, Milho e Mandioca para doa\u00e7\u00e3o aos trabalhadores da agricultura familiar [&#8230;]<\/p>\n","protected":false},"author":2,"featured_media":0,"comment_status":"open","ping_status":"open","sticky":false,"template":"","format":"standard","meta":{"_acf_changed":false,"footnotes":""},"categories":[27,5],"tags":[],"class_list":["post-559","post","type-post","status-publish","format-standard","hentry","category-ricardo","category-vereadores","active"],"acf":[],"_links":{"self":[{"href":"https:\/\/jupi.pe.leg.br\/v3\/wp-json\/wp\/v2\/posts\/559","targetHints":{"allow":["GET"]}}],"collection":[{"href":"https:\/\/jupi.pe.leg.br\/v3\/wp-json\/wp\/v2\/posts"}],"about":[{"href":"https:\/\/jupi.pe.leg.br\/v3\/wp-json\/wp\/v2\/types\/post"}],"author":[{"embeddable":true,"href":"https:\/\/jupi.pe.leg.br\/v3\/wp-json\/wp\/v2\/users\/2"}],"replies":[{"embeddable":true,"href":"https:\/\/jupi.pe.leg.br\/v3\/wp-json\/wp\/v2\/comments?post=559"}],"version-history":[{"count":0,"href":"https:\/\/jupi.pe.leg.br\/v3\/wp-json\/wp\/v2\/posts\/559\/revisions"}],"wp:attachment":[{"href":"https:\/\/jupi.pe.leg.br\/v3\/wp-json\/wp\/v2\/media?parent=559"}],"wp:term":[{"taxonomy":"category","embeddable":true,"href":"https:\/\/jupi.pe.leg.br\/v3\/wp-json\/wp\/v2\/categories?post=559"},{"taxonomy":"post_tag","embeddable":true,"href":"https:\/\/jupi.pe.leg.br\/v3\/wp-json\/wp\/v2\/tags?post=559"}],"curies":[{"name":"wp","href":"https:\/\/api.w.org\/{rel}","templated":true}]}}