{"id":546,"date":"2022-04-11T16:19:29","date_gmt":"2022-04-11T19:19:29","guid":{"rendered":"https:\/\/jupi.pe.leg.br\/v3\/?p=546"},"modified":"2022-04-11T16:19:29","modified_gmt":"2022-04-11T19:19:29","slug":"requerimento-002-2022","status":"publish","type":"post","link":"https:\/\/jupi.pe.leg.br\/v3\/requerimento-002-2022\/","title":{"rendered":"Requerimento 002\/2022"},"content":{"rendered":"<p>Requeiro ao Governo Municipal &#8211; Empenho no sentido de iniciar di\u00e1logo para viabilizar recursos, junto ao Governo do Estado ou Federal, para viabilizar a constru\u00e7\u00e3o da barragem do Canhoto nas divisas de Mun\u00edcipios \u00a0de Jupi, S\u00e3o Jo\u00e3o e Jucati [&#8230;]<\/p>\n","protected":false},"excerpt":{"rendered":"<p>Requeiro ao Governo Municipal &#8211; Empenho no sentido de iniciar di\u00e1logo para viabilizar recursos, junto ao Governo do Estado ou Federal, para viabilizar a constru\u00e7\u00e3o da barragem do Canhoto nas divisas de Mun\u00edcipios \u00a0de Jupi, S\u00e3o Jo\u00e3o e Jucati [&#8230;]<\/p>\n","protected":false},"author":2,"featured_media":0,"comment_status":"open","ping_status":"open","sticky":false,"template":"","format":"standard","meta":{"_acf_changed":false,"footnotes":""},"categories":[27,5],"tags":[],"class_list":["post-546","post","type-post","status-publish","format-standard","hentry","category-ricardo","category-vereadores","active"],"acf":[],"_links":{"self":[{"href":"https:\/\/jupi.pe.leg.br\/v3\/wp-json\/wp\/v2\/posts\/546","targetHints":{"allow":["GET"]}}],"collection":[{"href":"https:\/\/jupi.pe.leg.br\/v3\/wp-json\/wp\/v2\/posts"}],"about":[{"href":"https:\/\/jupi.pe.leg.br\/v3\/wp-json\/wp\/v2\/types\/post"}],"author":[{"embeddable":true,"href":"https:\/\/jupi.pe.leg.br\/v3\/wp-json\/wp\/v2\/users\/2"}],"replies":[{"embeddable":true,"href":"https:\/\/jupi.pe.leg.br\/v3\/wp-json\/wp\/v2\/comments?post=546"}],"version-history":[{"count":0,"href":"https:\/\/jupi.pe.leg.br\/v3\/wp-json\/wp\/v2\/posts\/546\/revisions"}],"wp:attachment":[{"href":"https:\/\/jupi.pe.leg.br\/v3\/wp-json\/wp\/v2\/media?parent=546"}],"wp:term":[{"taxonomy":"category","embeddable":true,"href":"https:\/\/jupi.pe.leg.br\/v3\/wp-json\/wp\/v2\/categories?post=546"},{"taxonomy":"post_tag","embeddable":true,"href":"https:\/\/jupi.pe.leg.br\/v3\/wp-json\/wp\/v2\/tags?post=546"}],"curies":[{"name":"wp","href":"https:\/\/api.w.org\/{rel}","templated":true}]}}