{"id":532,"date":"2021-05-04T14:42:17","date_gmt":"2021-05-04T17:42:17","guid":{"rendered":"https:\/\/jupi.pe.leg.br\/v3\/?p=532"},"modified":"2021-05-04T14:43:07","modified_gmt":"2021-05-04T17:43:07","slug":"levantamento-do-tce-vai-medir-efetividade-da-gestao-municipal","status":"publish","type":"post","link":"https:\/\/jupi.pe.leg.br\/v3\/levantamento-do-tce-vai-medir-efetividade-da-gestao-municipal\/","title":{"rendered":"Levantamento do TCE vai medir efetividade da gest\u00e3o municipal"},"content":{"rendered":"<p><img loading=\"lazy\" decoding=\"async\" class=\"img-fluid wp-image-533 alignleft\" src=\"https:\/\/jupi.pe.leg.br\/v3\/wp-content\/uploads\/2021\/05\/IEGM_.jpg\" alt=\"\" width=\"450\" height=\"222\" data-wp-pid=\"533\" srcset=\"https:\/\/jupi.pe.leg.br\/v3\/wp-content\/uploads\/2021\/05\/IEGM_.jpg 750w, https:\/\/jupi.pe.leg.br\/v3\/wp-content\/uploads\/2021\/05\/IEGM_-300x148.jpg 300w\" sizes=\"auto, (max-width: 450px) 100vw, 450px\" \/>O\u00a0Tribunal de Contas deu in\u00edcio \u00e0 coleta dos dados para medir o\u00a0<a href=\"https:\/\/tce.pe.gov.br\/internet\/index.php\/iegm\" data-saferedirecturl=\"https:\/\/www.google.com\/url?q=https:\/\/www.tce.pe.gov.br\/internet\/index.php\/iegm&amp;source=gmail&amp;ust=1619543309462000&amp;usg=AFQjCNHD9oaURMBAgiWns2PjJBSfNDU81g\">\u00cdndice de Efetividade da Gest\u00e3o Municipal (IEGM)<\/a>\u00a0dos 184 munic\u00edpios pernambucanos em 2020.<\/p>\n<p>O \u00edndice foi criado pelo\u00a0<a href=\"https:\/\/irbcontas.org.br\/iegm\/\" data-saferedirecturl=\"https:\/\/www.google.com\/url?q=https:\/\/irbcontas.org.br\/iegm\/&amp;source=gmail&amp;ust=1619543309462000&amp;usg=AFQjCNG0QEMQAmf8mClmpGXysvch43s-VA\">Instituto Rui Barbosa (IRB)<\/a>\u00a0para\u00a0avaliar as pol\u00edticas p\u00fablicas adotadas pelas prefeituras nas \u00e1reas de educa\u00e7\u00e3o, sa\u00fade, gest\u00e3o fiscal, planejamento, meio ambiente, defesa civil e governan\u00e7a em tecnologia da informa\u00e7\u00e3o, e regulamentado, em\u00a0\u00a0Pernambuco, por meio da\u00a0<a href=\"https:\/\/docs.google.com\/document\/d\/1x2TEE3IXnsGOiY6NiFAG-9R9L6_PqTszBgVWWLOaBAA\/edit\" data-saferedirecturl=\"https:\/\/www.google.com\/url?q=https:\/\/docs.google.com\/document\/d\/1x2TEE3IXnsGOiY6NiFAG-9R9L6_PqTszBgVWWLOaBAA\/edit&amp;source=gmail&amp;ust=1619543309462000&amp;usg=AFQjCNFNrPQKnv92lgFHQUvGvRpyObjD5w\">Resolu\u00e7\u00e3o TC n\u00ba 18\/2017<\/a>.<\/p>\n<p>A avalia\u00e7\u00e3o \u00e9 feita anualmente, a partir de informa\u00e7\u00f5es do exerc\u00edcio anterior, enviadas eletronicamente ao TCE pelas prefeituras.\u00a0Com base nestes dados, os munic\u00edpios recebem notas de efetividade, divididas em cinco faixas de resultados, sendo elas, altamente efetiva, muito efetiva, efetiva, em fase de adequa\u00e7\u00e3o e baixo n\u00edvel de adequa\u00e7\u00e3o. As faixas s\u00e3o definidas em fun\u00e7\u00e3o da consolida\u00e7\u00e3o das pontua\u00e7\u00f5es obtidas nos\u00a0sete indicadores que comp\u00f5em o \u00edndice: educa\u00e7\u00e3o, sa\u00fade, gest\u00e3o fiscal, planejamento, meio ambiente, defesa civil e governan\u00e7a em tecnologia da informa\u00e7\u00e3o.<\/p>\n<p>Os question\u00e1rios s\u00e3o enviados por e-mail para os gestores das prefeituras cadastradas no Sistema de Cadastro de Unidades Jurisdicionadas.<\/p>\n<p>Os gestores municipais que n\u00e3o enviarem as informa\u00e7\u00f5es,\u00a0ou n\u00e3o atenderem\u00a0na \u00edntegra o que determina\u00a0a resolu\u00e7\u00e3o do TCE,\u00a0poder\u00e3o ser responsabilizados e estar\u00e3o sujeitos \u00e0s penalidades cab\u00edveis.<\/p>\n<p>Em caso de d\u00favidas, a Central de Atendimento de Inform\u00e1tica est\u00e1 dispon\u00edvel de\u00a0segunda \u00e0 sexta-feira atrav\u00e9s dos seguintes canais de atendimento: Fone: 0800 281 7717 e\u00a0(81) 98225-2906 (das 8h \u00e0s 14h) e (81) 98494-0031 (das 12h \u00e0s 18h), ou ainda por\u00a0meio do endere\u00e7o de e-mail:\u00a0<span id=\"cloakc11908843da5df4051b6a82537595df7\"><a href=\"mailto:atendimento@tce.pe.gov.br\">atendimento@tce.pe.gov.br<\/a><\/span>.<\/p>\n<p>Consulte\u00a0<strong><a href=\"https:\/\/www.tce.pe.gov.br\/iegm2020\/\" data-saferedirecturl=\"https:\/\/www.google.com\/url?q=https:\/\/www.tce.pe.gov.br\/iegm2020\/&amp;source=gmail&amp;ust=1619543309462000&amp;usg=AFQjCNH4I3N5OccFZ9U8-z0HN5ZfxrrOrA\">aqui<\/a><\/strong>\u00a0os resultados de 2019 do seu munic\u00edpio.<\/p>\n<p><strong>ESTUDO<\/strong> \u2013 Um levantamento sobre as gest\u00f5es municipais no Brasil,\u00a0feito pelo auditor do TCE e professor, Jo\u00e3o Eudes Bezerra Filho, mostrou que\u00a0o tamanho da popula\u00e7\u00e3o e a reelei\u00e7\u00e3o do prefeito\u00a0(quando crescem)\u00a0interferem positivamente na efetividade da gest\u00e3o. Por outro lado, o impacto \u00e9 negativo quando aumenta a quantidade de candidatos a prefeito e a reprova\u00e7\u00e3o das\u00a0contas pelo Tribunal de Contas.<\/p>\n<p>O objetivo da pesquisa intitulada\u00a0Gest\u00f5es Municipais no Brasil:\u00a0um estudo a partir do \u00cdndice de Efetividade das Gest\u00f5es Municipais &#8211; IEGM,\u00a0foi apontar os fatores determinantes da efetividade das gest\u00f5es municipais no Brasil.<\/p>\n<p>Al\u00e9m disso, o resultado do estudo promove um debate\u00a0sobre a relev\u00e2ncia da fase de avalia\u00e7\u00e3o de uma gest\u00e3o p\u00fablica para aprimorar sua qualidade e\/ou atenuar impactos negativos sobre a popula\u00e7\u00e3o.<\/p>\n<p>\u201cO que se conclui \u00e9 que a busca pela efetividade deve partir inicialmente do controle do gasto p\u00fablico exercido pela sociedade, pelos \u00f3rg\u00e3os de controle externos\u00a0e\u00a0internos e\u00a0pela melhoria\u00a0na\u00a0transpar\u00eancia\u00a0de informa\u00e7\u00f5es governamentais. \u00c9 imprescind\u00edvel tamb\u00e9m que se intensifique a fiscaliza\u00e7\u00e3o dos TCE por meio de auditorias de acompanhamento das gest\u00f5es\u00a0municipais\u201d, diz o estudo.<\/p>\n<p>A an\u00e1lise foi realizada\u00a0a partir de dados do IEGM coletados entre 2015 e 2017, dispon\u00edveis no Portal do IRB, e envolveram 11 vari\u00e1veis relacionadas com a efetividade da gest\u00e3o nos munic\u00edpios brasileiros.<\/p>\n<p>Participaram ainda da pesquisa os professores da\u00a0<a href=\"https:\/\/fucape.br\/\" data-saferedirecturl=\"https:\/\/www.google.com\/url?q=https:\/\/fucape.br\/&amp;source=gmail&amp;ust=1619543309462000&amp;usg=AFQjCNFeps8V3za_LsNiZsu1zCShe7N2PA\">Fucape Business School<\/a>, Leonardo Coelho de Ara\u00fajo, Arilda Teixeira e F\u00e1bio Motoki.<\/p>\n<p><em><strong>FONTE: TCE\/PE\u00a0<\/strong><\/em><\/p>\n","protected":false},"excerpt":{"rendered":"<p>O\u00a0Tribunal de Contas deu in\u00edcio \u00e0 coleta dos dados para medir o\u00a0\u00cdndice de Efetividade da Gest\u00e3o Municipal (IEGM)\u00a0dos 184 munic\u00edpios pernambucanos em 2020. O \u00edndice foi criado pelo\u00a0Instituto Rui Barbosa (IRB)\u00a0para\u00a0avaliar as pol\u00edticas p\u00fablicas adotadas pelas prefeituras nas \u00e1reas de <a class=\"leiamais\" href=\"https:\/\/jupi.pe.leg.br\/v3\/levantamento-do-tce-vai-medir-efetividade-da-gestao-municipal\/\">VER MAIS <i class=\"fa-solid fa-chevron-right\"><\/i><\/a><\/p>\n","protected":false},"author":2,"featured_media":533,"comment_status":"open","ping_status":"open","sticky":false,"template":"","format":"standard","meta":{"_acf_changed":false,"footnotes":""},"categories":[4],"tags":[],"class_list":["post-532","post","type-post","status-publish","format-standard","has-post-thumbnail","hentry","category-noticias","active"],"acf":[],"_links":{"self":[{"href":"https:\/\/jupi.pe.leg.br\/v3\/wp-json\/wp\/v2\/posts\/532","targetHints":{"allow":["GET"]}}],"collection":[{"href":"https:\/\/jupi.pe.leg.br\/v3\/wp-json\/wp\/v2\/posts"}],"about":[{"href":"https:\/\/jupi.pe.leg.br\/v3\/wp-json\/wp\/v2\/types\/post"}],"author":[{"embeddable":true,"href":"https:\/\/jupi.pe.leg.br\/v3\/wp-json\/wp\/v2\/users\/2"}],"replies":[{"embeddable":true,"href":"https:\/\/jupi.pe.leg.br\/v3\/wp-json\/wp\/v2\/comments?post=532"}],"version-history":[{"count":0,"href":"https:\/\/jupi.pe.leg.br\/v3\/wp-json\/wp\/v2\/posts\/532\/revisions"}],"wp:featuredmedia":[{"embeddable":true,"href":"https:\/\/jupi.pe.leg.br\/v3\/wp-json\/wp\/v2\/media\/533"}],"wp:attachment":[{"href":"https:\/\/jupi.pe.leg.br\/v3\/wp-json\/wp\/v2\/media?parent=532"}],"wp:term":[{"taxonomy":"category","embeddable":true,"href":"https:\/\/jupi.pe.leg.br\/v3\/wp-json\/wp\/v2\/categories?post=532"},{"taxonomy":"post_tag","embeddable":true,"href":"https:\/\/jupi.pe.leg.br\/v3\/wp-json\/wp\/v2\/tags?post=532"}],"curies":[{"name":"wp","href":"https:\/\/api.w.org\/{rel}","templated":true}]}}