{"id":3057,"date":"2024-10-04T15:18:23","date_gmt":"2024-10-04T18:18:23","guid":{"rendered":"https:\/\/jupi.pe.leg.br\/v3\/?p=3057"},"modified":"2024-10-04T15:18:23","modified_gmt":"2024-10-04T18:18:23","slug":"requerimento-no-075-2024","status":"publish","type":"post","link":"https:\/\/jupi.pe.leg.br\/v3\/requerimento-no-075-2024\/","title":{"rendered":"Requerimento n\u00ba. 075 2024"},"content":{"rendered":"<p>Requeiro \u00e0 Mesa, ouvindo o plen\u00e1rio, e cumprindo as formalidades regimentais, e ao Exmo. Prefeito deste munic\u00edpio, Sr. Ant\u00f4nio Marcos Patriota, por interm\u00e9dio da Secretaria Municipal de Infraestrutura e Servi\u00e7os Urbanos, veemente apelo, no sentido de que seja atendida a solicita\u00e7\u00e3o abaixo mencionada, j\u00e1 solicitada atrav\u00e9s dos requerimentos n\u00bas. 065\/2022 e 066\/2023, sendo reapresentada atrav\u00e9s do presente pleito:<br \/>\n&#8211;\tConstru\u00e7\u00e3o de bueiras com extens\u00e3o compat\u00edvel \u00e0 largura do riacho na Col\u00f4nia de baixo, pr\u00f3ximo \u00e0 resid\u00eancia do Sr. Zezinho da Col\u00f4nia e,<br \/>\n&#8211;\tConstru\u00e7\u00e3o de passagens molhadas nos locais abaixo citados, entre a resid\u00eancia do Sr. Agnaldo Jos\u00e9 da Silva (Bai\u00e3o), at\u00e9 a divisa dos lotes dos Srs. Luiz Vitalino e Zez\u00e9 Neco e, entre as resid\u00eancias dos Srs. Leandro Delegado at\u00e9 a divisa com Heleno no Neco.<\/p>\n","protected":false},"excerpt":{"rendered":"<p>Requeiro \u00e0 Mesa, ouvindo o plen\u00e1rio, e cumprindo as formalidades regimentais, e ao Exmo. Prefeito deste munic\u00edpio, Sr. Ant\u00f4nio Marcos Patriota, por interm\u00e9dio da Secretaria Municipal de Infraestrutura e Servi\u00e7os Urbanos, veemente apelo, no sentido de que seja atendida a <a class=\"leiamais\" href=\"https:\/\/jupi.pe.leg.br\/v3\/requerimento-no-075-2024\/\">VER MAIS <i class=\"fa-solid fa-chevron-right\"><\/i><\/a><\/p>\n","protected":false},"author":2,"featured_media":0,"comment_status":"open","ping_status":"open","sticky":false,"template":"","format":"standard","meta":{"_acf_changed":false,"footnotes":""},"categories":[23,5],"tags":[],"class_list":["post-3057","post","type-post","status-publish","format-standard","hentry","category-ver_antoniodacolonia","category-vereadores","active"],"acf":[],"_links":{"self":[{"href":"https:\/\/jupi.pe.leg.br\/v3\/wp-json\/wp\/v2\/posts\/3057","targetHints":{"allow":["GET"]}}],"collection":[{"href":"https:\/\/jupi.pe.leg.br\/v3\/wp-json\/wp\/v2\/posts"}],"about":[{"href":"https:\/\/jupi.pe.leg.br\/v3\/wp-json\/wp\/v2\/types\/post"}],"author":[{"embeddable":true,"href":"https:\/\/jupi.pe.leg.br\/v3\/wp-json\/wp\/v2\/users\/2"}],"replies":[{"embeddable":true,"href":"https:\/\/jupi.pe.leg.br\/v3\/wp-json\/wp\/v2\/comments?post=3057"}],"version-history":[{"count":0,"href":"https:\/\/jupi.pe.leg.br\/v3\/wp-json\/wp\/v2\/posts\/3057\/revisions"}],"wp:attachment":[{"href":"https:\/\/jupi.pe.leg.br\/v3\/wp-json\/wp\/v2\/media?parent=3057"}],"wp:term":[{"taxonomy":"category","embeddable":true,"href":"https:\/\/jupi.pe.leg.br\/v3\/wp-json\/wp\/v2\/categories?post=3057"},{"taxonomy":"post_tag","embeddable":true,"href":"https:\/\/jupi.pe.leg.br\/v3\/wp-json\/wp\/v2\/tags?post=3057"}],"curies":[{"name":"wp","href":"https:\/\/api.w.org\/{rel}","templated":true}]}}