{"id":3023,"date":"2024-07-02T14:35:19","date_gmt":"2024-07-02T17:35:19","guid":{"rendered":"https:\/\/jupi.pe.leg.br\/v3\/?p=3023"},"modified":"2024-07-02T14:35:19","modified_gmt":"2024-07-02T17:35:19","slug":"requerimento-no-069-2024","status":"publish","type":"post","link":"https:\/\/jupi.pe.leg.br\/v3\/requerimento-no-069-2024\/","title":{"rendered":"Requerimento n\u00ba. 069 2024"},"content":{"rendered":"<p>Requeiro \u00e0 Mesa, ouvindo o Plen\u00e1rio e cumprindo as fonnalidades regimentais, solicita\u00e7\u00e3o ao Exmo. Prefeito deste munic\u00edpio, Sr. Ant\u00f4nio Marcos Patriota, por lntenn\u00e9dlo da Secretaria Municipal de Estradas, Rodagens e Ilumina\u00e7\u00e3o, veemente apelo, no sentido de que sejam realizados os seguintes pleitos em nosso municlpio:<br \/>\n. Refor\u00e7o e alargamento do pared\u00e3o da represa e manuten\u00e7\u00e3o da estrada em suas imedia\u00e7\u00f5es, ambos localizados na propriedade do Sr. Enoque Vieira Vilela (Roque), no Sitio Catonho;<br \/>\n-Manuten\u00e7\u00e3o das estradas localizadas nos S\u00edtios: C\u00e1gado e Cabo do Campo, nas Imedia\u00e7\u00f5es das propriedades dos Senhores Severino, Luiz Raimundo, Miguelzinho Bernardo, A.nt\u00f5nio Cardoso, Pedrinho de Manoel Vicente e Itamar.<\/p>\n","protected":false},"excerpt":{"rendered":"<p>Requeiro \u00e0 Mesa, ouvindo o Plen\u00e1rio e cumprindo as fonnalidades regimentais, solicita\u00e7\u00e3o ao Exmo. Prefeito deste munic\u00edpio, Sr. Ant\u00f4nio Marcos Patriota, por lntenn\u00e9dlo da Secretaria Municipal de Estradas, Rodagens e Ilumina\u00e7\u00e3o, veemente apelo, no sentido de que sejam realizados os <a class=\"leiamais\" href=\"https:\/\/jupi.pe.leg.br\/v3\/requerimento-no-069-2024\/\">VER MAIS <i class=\"fa-solid fa-chevron-right\"><\/i><\/a><\/p>\n","protected":false},"author":2,"featured_media":0,"comment_status":"open","ping_status":"open","sticky":false,"template":"","format":"standard","meta":{"_acf_changed":false,"footnotes":""},"categories":[14,5],"tags":[],"class_list":["post-3023","post","type-post","status-publish","format-standard","hentry","category-ver_paulocesar","category-vereadores","active"],"acf":[],"_links":{"self":[{"href":"https:\/\/jupi.pe.leg.br\/v3\/wp-json\/wp\/v2\/posts\/3023","targetHints":{"allow":["GET"]}}],"collection":[{"href":"https:\/\/jupi.pe.leg.br\/v3\/wp-json\/wp\/v2\/posts"}],"about":[{"href":"https:\/\/jupi.pe.leg.br\/v3\/wp-json\/wp\/v2\/types\/post"}],"author":[{"embeddable":true,"href":"https:\/\/jupi.pe.leg.br\/v3\/wp-json\/wp\/v2\/users\/2"}],"replies":[{"embeddable":true,"href":"https:\/\/jupi.pe.leg.br\/v3\/wp-json\/wp\/v2\/comments?post=3023"}],"version-history":[{"count":0,"href":"https:\/\/jupi.pe.leg.br\/v3\/wp-json\/wp\/v2\/posts\/3023\/revisions"}],"wp:attachment":[{"href":"https:\/\/jupi.pe.leg.br\/v3\/wp-json\/wp\/v2\/media?parent=3023"}],"wp:term":[{"taxonomy":"category","embeddable":true,"href":"https:\/\/jupi.pe.leg.br\/v3\/wp-json\/wp\/v2\/categories?post=3023"},{"taxonomy":"post_tag","embeddable":true,"href":"https:\/\/jupi.pe.leg.br\/v3\/wp-json\/wp\/v2\/tags?post=3023"}],"curies":[{"name":"wp","href":"https:\/\/api.w.org\/{rel}","templated":true}]}}