{"id":3005,"date":"2024-07-02T14:25:06","date_gmt":"2024-07-02T17:25:06","guid":{"rendered":"https:\/\/jupi.pe.leg.br\/v3\/?p=3005"},"modified":"2024-07-02T14:25:06","modified_gmt":"2024-07-02T17:25:06","slug":"mocao-no-003-2024","status":"publish","type":"post","link":"https:\/\/jupi.pe.leg.br\/v3\/mocao-no-003-2024\/","title":{"rendered":"Mo\u00e7\u00e3o N\u00ba. 003\/2024"},"content":{"rendered":"<p>Requeiro \u00e0 Mesa, ouvindo o Plen\u00e1rio e cumprindo as formalidades regimentais, solicita\u00e7\u00e3o ao Presidente desta Casa Legislativa, no sentido de que seja consignado nos anais desta Casa de Leis, Mo\u00e7\u00e3o de Aplausos, ao profissional da comunica\u00e7\u00e3o, radialista e rep\u00f3rter, Senhor Valdir Dias, pelos seus 15 (quinze) anos de r\u00e1dio, locu\u00e7\u00e3o e jornalismo, que muito engrandece o nosso povo.<\/p>\n","protected":false},"excerpt":{"rendered":"<p>Requeiro \u00e0 Mesa, ouvindo o Plen\u00e1rio e cumprindo as formalidades regimentais, solicita\u00e7\u00e3o ao Presidente desta Casa Legislativa, no sentido de que seja consignado nos anais desta Casa de Leis, Mo\u00e7\u00e3o de Aplausos, ao profissional da comunica\u00e7\u00e3o, radialista e rep\u00f3rter, Senhor <a class=\"leiamais\" href=\"https:\/\/jupi.pe.leg.br\/v3\/mocao-no-003-2024\/\">VER MAIS <i class=\"fa-solid fa-chevron-right\"><\/i><\/a><\/p>\n","protected":false},"author":2,"featured_media":0,"comment_status":"open","ping_status":"open","sticky":false,"template":"","format":"standard","meta":{"_acf_changed":false,"footnotes":""},"categories":[28,5],"tags":[],"class_list":["post-3005","post","type-post","status-publish","format-standard","hentry","category-rezilda","category-vereadores","active"],"acf":[],"_links":{"self":[{"href":"https:\/\/jupi.pe.leg.br\/v3\/wp-json\/wp\/v2\/posts\/3005","targetHints":{"allow":["GET"]}}],"collection":[{"href":"https:\/\/jupi.pe.leg.br\/v3\/wp-json\/wp\/v2\/posts"}],"about":[{"href":"https:\/\/jupi.pe.leg.br\/v3\/wp-json\/wp\/v2\/types\/post"}],"author":[{"embeddable":true,"href":"https:\/\/jupi.pe.leg.br\/v3\/wp-json\/wp\/v2\/users\/2"}],"replies":[{"embeddable":true,"href":"https:\/\/jupi.pe.leg.br\/v3\/wp-json\/wp\/v2\/comments?post=3005"}],"version-history":[{"count":0,"href":"https:\/\/jupi.pe.leg.br\/v3\/wp-json\/wp\/v2\/posts\/3005\/revisions"}],"wp:attachment":[{"href":"https:\/\/jupi.pe.leg.br\/v3\/wp-json\/wp\/v2\/media?parent=3005"}],"wp:term":[{"taxonomy":"category","embeddable":true,"href":"https:\/\/jupi.pe.leg.br\/v3\/wp-json\/wp\/v2\/categories?post=3005"},{"taxonomy":"post_tag","embeddable":true,"href":"https:\/\/jupi.pe.leg.br\/v3\/wp-json\/wp\/v2\/tags?post=3005"}],"curies":[{"name":"wp","href":"https:\/\/api.w.org\/{rel}","templated":true}]}}