{"id":3002,"date":"2024-07-02T14:23:39","date_gmt":"2024-07-02T17:23:39","guid":{"rendered":"https:\/\/jupi.pe.leg.br\/v3\/?p=3002"},"modified":"2024-07-02T14:23:39","modified_gmt":"2024-07-02T17:23:39","slug":"mocao-no-002-2024","status":"publish","type":"post","link":"https:\/\/jupi.pe.leg.br\/v3\/mocao-no-002-2024\/","title":{"rendered":"Mo\u00e7\u00e3o n\u00ba. 002 2024"},"content":{"rendered":"<p>Requeiro \u00e0 Mesa, ouvindo o Plen\u00e1rio e cumprindo as formalidades regimentais, solicita\u00e7\u00e3o ao Presidente desta Casa Legislativa, no sentido de que seja consignado nos anais desta Casa de Leis, Mo\u00e7\u00e3o de Aplausos, \u00e0 EREM (Escola de Refer\u00eancia do Ensino M\u00e9dio, Sebasti\u00e3o Tiago de Oliveira), por toda sua hist\u00f3ria de festejos juninos contada atrav\u00e9s dos anos com os desfiles de carro\u00e7as, apresenta\u00e7\u00e3o de quadrilhas, dramatiza\u00e7\u00f5es e a energia festiva de sua comunidade escolar por meio do festival junino que este ano est\u00e1 na sua 3\u00aa Edi\u00e7\u00e3o.<\/p>\n","protected":false},"excerpt":{"rendered":"<p>Requeiro \u00e0 Mesa, ouvindo o Plen\u00e1rio e cumprindo as formalidades regimentais, solicita\u00e7\u00e3o ao Presidente desta Casa Legislativa, no sentido de que seja consignado nos anais desta Casa de Leis, Mo\u00e7\u00e3o de Aplausos, \u00e0 EREM (Escola de Refer\u00eancia do Ensino M\u00e9dio, <a class=\"leiamais\" href=\"https:\/\/jupi.pe.leg.br\/v3\/mocao-no-002-2024\/\">VER MAIS <i class=\"fa-solid fa-chevron-right\"><\/i><\/a><\/p>\n","protected":false},"author":2,"featured_media":0,"comment_status":"open","ping_status":"open","sticky":false,"template":"","format":"standard","meta":{"_acf_changed":false,"footnotes":""},"categories":[28,5],"tags":[],"class_list":["post-3002","post","type-post","status-publish","format-standard","hentry","category-rezilda","category-vereadores","active"],"acf":[],"_links":{"self":[{"href":"https:\/\/jupi.pe.leg.br\/v3\/wp-json\/wp\/v2\/posts\/3002","targetHints":{"allow":["GET"]}}],"collection":[{"href":"https:\/\/jupi.pe.leg.br\/v3\/wp-json\/wp\/v2\/posts"}],"about":[{"href":"https:\/\/jupi.pe.leg.br\/v3\/wp-json\/wp\/v2\/types\/post"}],"author":[{"embeddable":true,"href":"https:\/\/jupi.pe.leg.br\/v3\/wp-json\/wp\/v2\/users\/2"}],"replies":[{"embeddable":true,"href":"https:\/\/jupi.pe.leg.br\/v3\/wp-json\/wp\/v2\/comments?post=3002"}],"version-history":[{"count":0,"href":"https:\/\/jupi.pe.leg.br\/v3\/wp-json\/wp\/v2\/posts\/3002\/revisions"}],"wp:attachment":[{"href":"https:\/\/jupi.pe.leg.br\/v3\/wp-json\/wp\/v2\/media?parent=3002"}],"wp:term":[{"taxonomy":"category","embeddable":true,"href":"https:\/\/jupi.pe.leg.br\/v3\/wp-json\/wp\/v2\/categories?post=3002"},{"taxonomy":"post_tag","embeddable":true,"href":"https:\/\/jupi.pe.leg.br\/v3\/wp-json\/wp\/v2\/tags?post=3002"}],"curies":[{"name":"wp","href":"https:\/\/api.w.org\/{rel}","templated":true}]}}