{"id":2997,"date":"2024-06-06T09:43:36","date_gmt":"2024-06-06T12:43:36","guid":{"rendered":"https:\/\/jupi.pe.leg.br\/v3\/?p=2997"},"modified":"2024-06-06T09:43:36","modified_gmt":"2024-06-06T12:43:36","slug":"requerimento-no-059-2024","status":"publish","type":"post","link":"https:\/\/jupi.pe.leg.br\/v3\/requerimento-no-059-2024\/","title":{"rendered":"Requerimento n\u00ba. 059 2024"},"content":{"rendered":"<p>Requeiro \u00e0 Mesa, ouvindo o Plen\u00e0rio e cumprindo as formalidades regimentais, solicita\u00e7\u00e3o ao Exmo. Prefeito deste munic\u00edpio, senhor Ant\u00f4nio Marcos Patriota, por interm\u00e9dio da Secret\u00e1ria Municipal de Agricultura, Desenvolvimento Econ\u00f4mico e Meio Ambiente, veemente apelo, no sentido de que que seja constru\u00edda uma composteira em nossa cidade.<\/p>\n","protected":false},"excerpt":{"rendered":"<p>Requeiro \u00e0 Mesa, ouvindo o Plen\u00e0rio e cumprindo as formalidades regimentais, solicita\u00e7\u00e3o ao Exmo. Prefeito deste munic\u00edpio, senhor Ant\u00f4nio Marcos Patriota, por interm\u00e9dio da Secret\u00e1ria Municipal de Agricultura, Desenvolvimento Econ\u00f4mico e Meio Ambiente, veemente apelo, no sentido de que que <a class=\"leiamais\" href=\"https:\/\/jupi.pe.leg.br\/v3\/requerimento-no-059-2024\/\">VER MAIS <i class=\"fa-solid fa-chevron-right\"><\/i><\/a><\/p>\n","protected":false},"author":2,"featured_media":0,"comment_status":"open","ping_status":"open","sticky":false,"template":"","format":"standard","meta":{"_acf_changed":false,"footnotes":""},"categories":[27,5],"tags":[],"class_list":["post-2997","post","type-post","status-publish","format-standard","hentry","category-ricardo","category-vereadores","active"],"acf":[],"_links":{"self":[{"href":"https:\/\/jupi.pe.leg.br\/v3\/wp-json\/wp\/v2\/posts\/2997","targetHints":{"allow":["GET"]}}],"collection":[{"href":"https:\/\/jupi.pe.leg.br\/v3\/wp-json\/wp\/v2\/posts"}],"about":[{"href":"https:\/\/jupi.pe.leg.br\/v3\/wp-json\/wp\/v2\/types\/post"}],"author":[{"embeddable":true,"href":"https:\/\/jupi.pe.leg.br\/v3\/wp-json\/wp\/v2\/users\/2"}],"replies":[{"embeddable":true,"href":"https:\/\/jupi.pe.leg.br\/v3\/wp-json\/wp\/v2\/comments?post=2997"}],"version-history":[{"count":0,"href":"https:\/\/jupi.pe.leg.br\/v3\/wp-json\/wp\/v2\/posts\/2997\/revisions"}],"wp:attachment":[{"href":"https:\/\/jupi.pe.leg.br\/v3\/wp-json\/wp\/v2\/media?parent=2997"}],"wp:term":[{"taxonomy":"category","embeddable":true,"href":"https:\/\/jupi.pe.leg.br\/v3\/wp-json\/wp\/v2\/categories?post=2997"},{"taxonomy":"post_tag","embeddable":true,"href":"https:\/\/jupi.pe.leg.br\/v3\/wp-json\/wp\/v2\/tags?post=2997"}],"curies":[{"name":"wp","href":"https:\/\/api.w.org\/{rel}","templated":true}]}}