{"id":2976,"date":"2024-05-15T17:19:26","date_gmt":"2024-05-15T20:19:26","guid":{"rendered":"https:\/\/jupi.pe.leg.br\/v3\/?p=2976"},"modified":"2024-05-15T17:19:26","modified_gmt":"2024-05-15T20:19:26","slug":"requerimento-no-053-2024","status":"publish","type":"post","link":"https:\/\/jupi.pe.leg.br\/v3\/requerimento-no-053-2024\/","title":{"rendered":"Requerimento n\u00ba. 053 2024"},"content":{"rendered":"<p>Requeiro a Mesa, ouvindo o Plen\u00e1rio, e cumprindo as formalidades regimentais, solicita\u00e7\u00e3o no sentido de que sejam consignados votos de profundo pesar pelo falecimento da Sra. Maria Jos\u00e9 do Nascimento (Maria de Zuca), ocorrido no m\u00eas em curso.<br \/>\nDo presente pleito, ap\u00f3s aprova\u00e7\u00e3o em Plen\u00e1rio, que seja dado o devido conhecimento aos seus familiares.<\/p>\n","protected":false},"excerpt":{"rendered":"<p>Requeiro a Mesa, ouvindo o Plen\u00e1rio, e cumprindo as formalidades regimentais, solicita\u00e7\u00e3o no sentido de que sejam consignados votos de profundo pesar pelo falecimento da Sra. Maria Jos\u00e9 do Nascimento (Maria de Zuca), ocorrido no m\u00eas em curso. Do presente <a class=\"leiamais\" href=\"https:\/\/jupi.pe.leg.br\/v3\/requerimento-no-053-2024\/\">VER MAIS <i class=\"fa-solid fa-chevron-right\"><\/i><\/a><\/p>\n","protected":false},"author":2,"featured_media":0,"comment_status":"open","ping_status":"open","sticky":false,"template":"","format":"standard","meta":{"_acf_changed":false,"footnotes":""},"categories":[12,5],"tags":[],"class_list":["post-2976","post","type-post","status-publish","format-standard","hentry","category-ver_ledson","category-vereadores","active"],"acf":[],"_links":{"self":[{"href":"https:\/\/jupi.pe.leg.br\/v3\/wp-json\/wp\/v2\/posts\/2976","targetHints":{"allow":["GET"]}}],"collection":[{"href":"https:\/\/jupi.pe.leg.br\/v3\/wp-json\/wp\/v2\/posts"}],"about":[{"href":"https:\/\/jupi.pe.leg.br\/v3\/wp-json\/wp\/v2\/types\/post"}],"author":[{"embeddable":true,"href":"https:\/\/jupi.pe.leg.br\/v3\/wp-json\/wp\/v2\/users\/2"}],"replies":[{"embeddable":true,"href":"https:\/\/jupi.pe.leg.br\/v3\/wp-json\/wp\/v2\/comments?post=2976"}],"version-history":[{"count":0,"href":"https:\/\/jupi.pe.leg.br\/v3\/wp-json\/wp\/v2\/posts\/2976\/revisions"}],"wp:attachment":[{"href":"https:\/\/jupi.pe.leg.br\/v3\/wp-json\/wp\/v2\/media?parent=2976"}],"wp:term":[{"taxonomy":"category","embeddable":true,"href":"https:\/\/jupi.pe.leg.br\/v3\/wp-json\/wp\/v2\/categories?post=2976"},{"taxonomy":"post_tag","embeddable":true,"href":"https:\/\/jupi.pe.leg.br\/v3\/wp-json\/wp\/v2\/tags?post=2976"}],"curies":[{"name":"wp","href":"https:\/\/api.w.org\/{rel}","templated":true}]}}