{"id":2972,"date":"2024-05-15T17:18:18","date_gmt":"2024-05-15T20:18:18","guid":{"rendered":"https:\/\/jupi.pe.leg.br\/v3\/?p=2972"},"modified":"2024-05-15T17:18:18","modified_gmt":"2024-05-15T20:18:18","slug":"requerimento-no-052-2024","status":"publish","type":"post","link":"https:\/\/jupi.pe.leg.br\/v3\/requerimento-no-052-2024\/","title":{"rendered":"Requerimento n\u00ba. 052 2024"},"content":{"rendered":"<p>Requeiro \u00e0 Mesa, ouvindo o plen\u00e1rio, e cumprindo as formalidades regimentais, e ao Exmo. Prefeito deste munic\u00edpio, Sr. Ant\u00f4nio Marcos Patriota, por interm\u00e9dio da Secretaria Municipal de Sa\u00fade, veemente apelo, no sentido de que seja atendida a solicita\u00e7\u00e3o abaixo mencionada, j\u00e1 requerida atrav\u00e9s do Requerimento 006\/2023, sendo reapresentada atrav\u00e9s do presente pleito:<br \/>\n&#8211; Descentraliza\u00e7\u00e3o dos servi\u00e7os de fisioterapia para a UBS Mauro Andr\u00e9 de Oliveira, situada no Povoado Col\u00f4nia e, vistas as possibilidades, nas demais Unidades de atendimento localizadas n\u00e3o espa\u00e7o rural deste munic\u00edpio.<\/p>\n","protected":false},"excerpt":{"rendered":"<p>Requeiro \u00e0 Mesa, ouvindo o plen\u00e1rio, e cumprindo as formalidades regimentais, e ao Exmo. Prefeito deste munic\u00edpio, Sr. Ant\u00f4nio Marcos Patriota, por interm\u00e9dio da Secretaria Municipal de Sa\u00fade, veemente apelo, no sentido de que seja atendida a solicita\u00e7\u00e3o abaixo mencionada, <a class=\"leiamais\" href=\"https:\/\/jupi.pe.leg.br\/v3\/requerimento-no-052-2024\/\">VER MAIS <i class=\"fa-solid fa-chevron-right\"><\/i><\/a><\/p>\n","protected":false},"author":2,"featured_media":0,"comment_status":"open","ping_status":"open","sticky":false,"template":"","format":"standard","meta":{"_acf_changed":false,"footnotes":""},"categories":[23,5],"tags":[],"class_list":["post-2972","post","type-post","status-publish","format-standard","hentry","category-ver_antoniodacolonia","category-vereadores","active"],"acf":[],"_links":{"self":[{"href":"https:\/\/jupi.pe.leg.br\/v3\/wp-json\/wp\/v2\/posts\/2972","targetHints":{"allow":["GET"]}}],"collection":[{"href":"https:\/\/jupi.pe.leg.br\/v3\/wp-json\/wp\/v2\/posts"}],"about":[{"href":"https:\/\/jupi.pe.leg.br\/v3\/wp-json\/wp\/v2\/types\/post"}],"author":[{"embeddable":true,"href":"https:\/\/jupi.pe.leg.br\/v3\/wp-json\/wp\/v2\/users\/2"}],"replies":[{"embeddable":true,"href":"https:\/\/jupi.pe.leg.br\/v3\/wp-json\/wp\/v2\/comments?post=2972"}],"version-history":[{"count":0,"href":"https:\/\/jupi.pe.leg.br\/v3\/wp-json\/wp\/v2\/posts\/2972\/revisions"}],"wp:attachment":[{"href":"https:\/\/jupi.pe.leg.br\/v3\/wp-json\/wp\/v2\/media?parent=2972"}],"wp:term":[{"taxonomy":"category","embeddable":true,"href":"https:\/\/jupi.pe.leg.br\/v3\/wp-json\/wp\/v2\/categories?post=2972"},{"taxonomy":"post_tag","embeddable":true,"href":"https:\/\/jupi.pe.leg.br\/v3\/wp-json\/wp\/v2\/tags?post=2972"}],"curies":[{"name":"wp","href":"https:\/\/api.w.org\/{rel}","templated":true}]}}