{"id":2966,"date":"2024-05-15T17:16:03","date_gmt":"2024-05-15T20:16:03","guid":{"rendered":"https:\/\/jupi.pe.leg.br\/v3\/?p=2966"},"modified":"2024-05-15T17:16:03","modified_gmt":"2024-05-15T20:16:03","slug":"mocao-001-2024","status":"publish","type":"post","link":"https:\/\/jupi.pe.leg.br\/v3\/mocao-001-2024\/","title":{"rendered":"Mo\u00e7\u00e3o 001\/2024"},"content":{"rendered":"<p>Requeiro \u00e0 Mesa, ouvindo o Plen\u00e1rio e cumprindo as formalidades regimentais, solicita\u00e7\u00e3o ao Presidente Interino desta Casa Legislativa, no sentido de que sejam consignados nos anais deste Poder Legislativo, &#8220;Mo\u00e7\u00e3o de Aplausos&#8221; a toda equipe de enfermagem da Secretaria Municipal de Sa\u00fade, do Hospital Municipal Claudina Teixeira e das Unidades B\u00e1sicas de Sa\u00fade (UBS), em comemora\u00e7\u00e3o ao &#8220;Dia Nacional da Enfermagem&#8221;, celebrado no dia 12 (doze) do m\u00eas e ano em curso.<\/p>\n","protected":false},"excerpt":{"rendered":"<p>Requeiro \u00e0 Mesa, ouvindo o Plen\u00e1rio e cumprindo as formalidades regimentais, solicita\u00e7\u00e3o ao Presidente Interino desta Casa Legislativa, no sentido de que sejam consignados nos anais deste Poder Legislativo, &#8220;Mo\u00e7\u00e3o de Aplausos&#8221; a toda equipe de enfermagem da Secretaria Municipal <a class=\"leiamais\" href=\"https:\/\/jupi.pe.leg.br\/v3\/mocao-001-2024\/\">VER MAIS <i class=\"fa-solid fa-chevron-right\"><\/i><\/a><\/p>\n","protected":false},"author":2,"featured_media":0,"comment_status":"open","ping_status":"open","sticky":false,"template":"","format":"standard","meta":{"_acf_changed":false,"footnotes":""},"categories":[12,5],"tags":[],"class_list":["post-2966","post","type-post","status-publish","format-standard","hentry","category-ver_ledson","category-vereadores","active"],"acf":[],"_links":{"self":[{"href":"https:\/\/jupi.pe.leg.br\/v3\/wp-json\/wp\/v2\/posts\/2966","targetHints":{"allow":["GET"]}}],"collection":[{"href":"https:\/\/jupi.pe.leg.br\/v3\/wp-json\/wp\/v2\/posts"}],"about":[{"href":"https:\/\/jupi.pe.leg.br\/v3\/wp-json\/wp\/v2\/types\/post"}],"author":[{"embeddable":true,"href":"https:\/\/jupi.pe.leg.br\/v3\/wp-json\/wp\/v2\/users\/2"}],"replies":[{"embeddable":true,"href":"https:\/\/jupi.pe.leg.br\/v3\/wp-json\/wp\/v2\/comments?post=2966"}],"version-history":[{"count":0,"href":"https:\/\/jupi.pe.leg.br\/v3\/wp-json\/wp\/v2\/posts\/2966\/revisions"}],"wp:attachment":[{"href":"https:\/\/jupi.pe.leg.br\/v3\/wp-json\/wp\/v2\/media?parent=2966"}],"wp:term":[{"taxonomy":"category","embeddable":true,"href":"https:\/\/jupi.pe.leg.br\/v3\/wp-json\/wp\/v2\/categories?post=2966"},{"taxonomy":"post_tag","embeddable":true,"href":"https:\/\/jupi.pe.leg.br\/v3\/wp-json\/wp\/v2\/tags?post=2966"}],"curies":[{"name":"wp","href":"https:\/\/api.w.org\/{rel}","templated":true}]}}