{"id":296,"date":"2018-07-05T14:44:39","date_gmt":"2018-07-05T17:44:39","guid":{"rendered":"https:\/\/jupi.pe.leg.br\/v3\/?p=296"},"modified":"2018-07-05T14:44:39","modified_gmt":"2018-07-05T17:44:39","slug":"o-que-o-comercio-de-pernambuco-espera-da-politica","status":"publish","type":"post","link":"https:\/\/jupi.pe.leg.br\/v3\/o-que-o-comercio-de-pernambuco-espera-da-politica\/","title":{"rendered":"O que o com\u00e9rcio de Pernambuco espera da pol\u00edtica"},"content":{"rendered":"<p><em>Luciano Galv\u00e3o Filho <\/em><\/p>\n<p>Se a t\u00f4nica da pol\u00edtica t\u00eam sido os desentendimentos, ao menos um consenso parece existir: que a pr\u00f3xima elei\u00e7\u00e3o \u00e9 das mais incertas dos \u00faltimos anos. E, quando h\u00e1 incerteza, h\u00e1 d\u00favida. Na economia isso se traduz em redu\u00e7\u00e3o dos investimentos. Com as interroga\u00e7\u00f5es a respeito de quem passar\u00e1 a comandar o Pa\u00eds, fica mais dif\u00edcil prever o comportamento de vari\u00e1veis como n\u00edvel de emprego, poder de compra das fam\u00edlias e crescimento da produ\u00e7\u00e3o. Para evitar preju\u00edzos, as empresas pisam no freio e tendem a n\u00e3o ir muito al\u00e9m daquilo que j\u00e1 fazem.<\/p>\n<p>Diante das indecis\u00f5es em torno da elei\u00e7\u00e3o, o Tribuna Parlamentar consultou pessoas de diferentes setores da economia de Pernambuco para saber o que elas aguardam da pol\u00edtica ap\u00f3s a defini\u00e7\u00e3o das urnas e que pautas consideram essenciais para garantir um ambiente favor\u00e1vel aos neg\u00f3cios. Nesta edi\u00e7\u00e3o, trazemos a primeira reportagem \u2013 de uma s\u00e9rie de tr\u00eas mat\u00e9rias \u2013 abordando as expectativas do setor de com\u00e9rcio de bens e servi\u00e7os.<\/p>\n<p><strong>Gera\u00e7\u00e3o de renda<\/strong><\/p>\n<p>Nos primeiros tr\u00eas meses deste ano, faltou emprego <strong><a href=\"https:\/\/agenciadenoticias.ibge.gov.br\/agencia-sala-de-imprensa\/2013-agencia-de-noticias\/releases\/21246-pnad-continua-tri-taxa-de-subutilizacao-da-forca-de-trabalho-e-de-24-7-no-primeiro-tri-de-2018.html\" target=\"_blank\" rel=\"noopener\">para 1 em cada 3 pernambucanos<\/a><\/strong>, segundo o Instituto Brasileiro de Geografia e Estat\u00edstica (IBGE). O dado inclui as pessoas que n\u00e3o t\u00eam trabalho e aquelas que poderiam ter um outro mas n\u00e3o encontram. Al\u00e9m do \u00f3bvio efeito sobre as fam\u00edlias, a situa\u00e7\u00e3o tamb\u00e9m repercute diretamente sobre o com\u00e9rcio: com menos gente empregada h\u00e1 tamb\u00e9m menos renda nas m\u00e3os dos consumidores, o que afasta as pessoas das lojas, adia as reformas nas casas, fazem cair as idas a restaurantes, e diminui a procura por escolas particulares, por exemplo.<\/p>\n<p><img loading=\"lazy\" decoding=\"async\" class=\"img-fluid alignnone wp-image-349405 size-full\" src=\"http:\/\/www.alepe.pe.gov.br\/wp-content\/uploads\/2018\/06\/Bare-Organics-1.png\" sizes=\"auto, (max-width: 800px) 100vw, 800px\" srcset=\"http:\/\/www.alepe.pe.gov.br\/wp-content\/uploads\/2018\/06\/Bare-Organics-1.png 800w, http:\/\/www.alepe.pe.gov.br\/wp-content\/uploads\/2018\/06\/Bare-Organics-1-150x38.png 150w, http:\/\/www.alepe.pe.gov.br\/wp-content\/uploads\/2018\/06\/Bare-Organics-1-300x75.png 300w\" alt=\"bare-organics\" width=\"800\" height=\"200\" \/><\/p>\n<p>\u201cEnquanto tivermos o n\u00edvel atual de desemprego, \u00e9 dif\u00edcil para o com\u00e9rcio porque as pessoas ficam sem poder de compra\u201d, resume o presidente da Federa\u00e7\u00e3o do Com\u00e9rcio de Bens, Servi\u00e7os e Turismo do Estado de Pernambuco (Fecom\u00e9rcio), Josias Albuquerque. \u201cPrecisamos de uma pol\u00edtica s\u00e9ria, que torne o quadro mais favor\u00e1vel aos neg\u00f3cios.\u201d<\/p>\n<p>\u201cA gente j\u00e1 v\u00ea equil\u00edbrios nos \u00edndices, mas ainda falta a recupera\u00e7\u00e3o, e estou falando dos empregos\u201d, aponta El\u00edsio Cruz J\u00fanior, diretor do Sindicato das Empresas de Compra e Venda, Loca\u00e7\u00e3o e Administra\u00e7\u00e3o de Im\u00f3veis de Pernambuco (Secovi). \u201cPor mais esfor\u00e7o que se fa\u00e7a, por mais dinheiro dispon\u00edvel com os bancos, os compradores ficam t\u00edmidos. Por isso, o mais importante \u00e9 a confian\u00e7a\u201d, analisa.<\/p>\n<p>Entre as a\u00e7\u00f5es para gerar um ambiente mais positivo para as empresas \u2013 o que pode resultar em f\u00f4lego \u00e0 recupera\u00e7\u00e3o dos empregos \u2013 o presidente da Fecom\u00e9rcio cita a necessidade de apoio aos pequenos neg\u00f3cios e a redu\u00e7\u00e3o de barreiras \u00e0 atividade empresarial. \u201cTemos recebido a compreens\u00e3o do Poder Legislativo, em ouvir e corrigir algumas propostas que poderiam piorar o movimento do com\u00e9rcio\u201d, sublinha Josias Albuquerque.<\/p>\n<p><strong>Pol\u00edtica econ\u00f4mica<\/strong><\/p>\n<p>Um outro ponto que alimenta as incertezas \u00e9 a dificuldade em saber como os pr\u00f3ximos governantes v\u00e3o cuidar das contas p\u00fablicas. Um governo que gaste muito al\u00e9m do que pode termina por se endividar, algo que \u2013 no entendimento da maioria dos economistas \u2013 resulta em infla\u00e7\u00e3o. E a\u00ed, mais uma vez, cai o poder de compra das pessoas, que aos poucos deixam de conseguir, com um mesmo sal\u00e1rio, dar conta de todos os compromissos. Sem falar que surge no horizonte a possibilidade de aumento de impostos.<\/p>\n<p><img loading=\"lazy\" decoding=\"async\" class=\"img-fluid alignnone wp-image-349406 size-full\" src=\"http:\/\/www.alepe.pe.gov.br\/wp-content\/uploads\/2018\/06\/Bare-Organics2.png\" sizes=\"auto, (max-width: 800px) 100vw, 800px\" srcset=\"http:\/\/www.alepe.pe.gov.br\/wp-content\/uploads\/2018\/06\/Bare-Organics2.png 800w, http:\/\/www.alepe.pe.gov.br\/wp-content\/uploads\/2018\/06\/Bare-Organics2-150x38.png 150w, http:\/\/www.alepe.pe.gov.br\/wp-content\/uploads\/2018\/06\/Bare-Organics2-300x75.png 300w\" alt=\"bare-organics2\" width=\"800\" height=\"200\" \/><\/p>\n<p>\u201cNenhum dos nomes que t\u00eam se mostrado como op\u00e7\u00e3o s\u00e3o taxativos sobre a necessidade de se fazer um ajuste fiscal s\u00e9rio no Pa\u00eds\u201d, lamenta o vice-presidente do Sindicato do Com\u00e9rcio de Produtos Farmac\u00eauticos de Pernambuco (Sincofarma), Elias Salom\u00e3o, para quem o passo mais urgente nesse sentido \u00e9 reformar a Previd\u00eancia. Ele avalia que a despesa com as aposentadorias tende a impedir investimentos necess\u00e1rios em outras \u00e1reas.<\/p>\n<p>Salom\u00e3o analisa que o al\u00edvio produzido com a recente redu\u00e7\u00e3o dos juros \u00e9 tempor\u00e1rio, e pode se desfazer ao primeiro sinal de aumento da infla\u00e7\u00e3o. Um aumento dos juros torna os empr\u00e9stimos mais caros, e inibe os empreendedores. \u201cDa\u00ed a necessidade de dar um freio nas despesas do governo. Se as pessoas ficam com receio, se n\u00e3o acreditam na retomada da economia, o mercado sofre\u201d, avaliou, pontuando que, no setor dele, mesmo as grandes redes de farm\u00e1cias t\u00eam visto as vendas retra\u00edrem. \u201cMesmo sabendo que o segmento de sa\u00fade \u00e9 privilegiado, porque a popula\u00e7\u00e3o est\u00e1 envelhecendo e fazendo crescer a demanda por medicamentos, quando faltam recursos, falta para todos.\u201d<\/p>\n<p><strong>Seguran\u00e7a<\/strong><\/p>\n<p>Todos os dias a pol\u00edcia registra <strong><a href=\"http:\/\/www.portaisgoverno.pe.gov.br\/c\/document_library\/get_file?uuid=01386d63-ef6e-44b5-8114-f6f8a3912b0b&amp;groupId=124015\" target=\"_blank\" rel=\"noopener\">275 roubos e furtos<\/a><\/strong>, em m\u00e9dia, no Estado. H\u00e1 cinco anos, eram <strong><a href=\"http:\/\/www.portaisgoverno.pe.gov.br\/c\/document_library\/get_file?uuid=a0267b29-8bf7-4029-a5b2-1b8672bde2a5&amp;groupId=124015\" target=\"_blank\" rel=\"noopener\">pouco mais de 140<\/a><\/strong>. Um aumento t\u00e3o acentuado dos crimes contra o patrim\u00f4nio piora a sensa\u00e7\u00e3o de inseguran\u00e7a e tamb\u00e9m repercute sobre o movimento das lojas. \u201cO com\u00e9rcio tem rela\u00e7\u00e3o direta com a circula\u00e7\u00e3o de pessoas. No momento em que o cidad\u00e3o se sente mais seguro, ele sai \u00e0s ruas, inclusive acontecem mais aquelas compras por impulso, e a roda do mercado gira\u201d, descreve o presidente da C\u00e2mara de Dirigentes Lojistas do Recife (CDL Recife), Cid L\u00f4bo.<\/p>\n<p><img loading=\"lazy\" decoding=\"async\" class=\"img-fluid alignnone wp-image-349407 size-full\" src=\"http:\/\/www.alepe.pe.gov.br\/wp-content\/uploads\/2018\/06\/Bare-Organics3.png\" sizes=\"auto, (max-width: 800px) 100vw, 800px\" srcset=\"http:\/\/www.alepe.pe.gov.br\/wp-content\/uploads\/2018\/06\/Bare-Organics3.png 800w, http:\/\/www.alepe.pe.gov.br\/wp-content\/uploads\/2018\/06\/Bare-Organics3-150x38.png 150w, http:\/\/www.alepe.pe.gov.br\/wp-content\/uploads\/2018\/06\/Bare-Organics3-300x75.png 300w\" alt=\"bare-organics3\" width=\"800\" height=\"200\" \/><\/p>\n<p>Entre as medidas que poderiam contribuir para a redu\u00e7\u00e3o dos crimes, o empres\u00e1rio sugere um planejamento de seguran\u00e7a pr\u00f3prio para as \u00e1reas de com\u00e9rcio das cidades. \u201cO pr\u00f3ximo governo precisa ter esse enfoque tamb\u00e9m para garantir um ambiente mais favor\u00e1vel \u00e0 retomada da atividade econ\u00f4mica\u201d, pontua L\u00f4bo.<\/p>\n<p><strong>Incentivo ao turismo<\/strong><\/p>\n<p>Divulga\u00e7\u00e3o de Pernambuco como destino tur\u00edstico pode emprestar \u00e2nimo a diferentes setores da economia que giram em torno das atividades de lazer e produzem empregos. Vice-presidente da Fecom\u00e9rcio para assuntos de Turismo, Eduardo Cavalcanti cita a necessidade de encontrar solu\u00e7\u00f5es para reduzir os ataques de tubar\u00e3o no Recife \u2013 que afastam visitantes \u2013 e diz que as cidades precisam melhorar a infraestrutura para receber as pessoas. \u201cO Legislativo pode destinar recursos do Or\u00e7amento para os polos do turismo\u201d, sugere.<\/p>\n<p>&nbsp;<\/p>\n<p><strong>Di\u00e1logo com\u00a0o setor<\/strong><\/p>\n<div class=\"olho\">\n<p><strong>Consenso:<\/strong> import\u00e2ncia de\u00a0preservar a\u00a0comunica\u00e7\u00e3o entre o setor de com\u00e9rcio\u00a0e a gest\u00e3o p\u00fablica<\/p>\n<\/div>\n<p>Porque as decis\u00f5es dos governos t\u00eam efeitos sobre a atividade comercial, os representantes do com\u00e9rcio s\u00e3o un\u00e2nimes em dizer que \u00e9 preciso manter conversas constantes entre o setor e a gest\u00e3o p\u00fablica. \u201cO Estado muitas vezes nos cobra coisas completamente inadequadas e que atingem sobretudo as empresas menores, que t\u00eam menos condi\u00e7\u00f5es de cumprir novas exig\u00eancias. Precisamos de contato permanente com quem toma as decis\u00f5es para que pautas prejudiciais \u00e0 economia n\u00e3o avancem\u201d, pontua Elias Salom\u00e3o, do Sincofarma. \u201c\u00c0s vezes, falta informa\u00e7\u00e3o e s\u00e3o feitas escolhas pouco t\u00e9cnicas. Estamos abertos a sermos ouvidos para trabalhar em parceria\u201d, diz Eduardo Cavalcanti, da Fecom\u00e9rcio.<\/p>\n","protected":false},"excerpt":{"rendered":"<p>Luciano Galv\u00e3o Filho Se a t\u00f4nica da pol\u00edtica t\u00eam sido os desentendimentos, ao menos um consenso parece existir: que a pr\u00f3xima elei\u00e7\u00e3o \u00e9 das mais incertas dos \u00faltimos anos. E, quando h\u00e1 incerteza, h\u00e1 d\u00favida. Na economia isso se traduz <a class=\"leiamais\" href=\"https:\/\/jupi.pe.leg.br\/v3\/o-que-o-comercio-de-pernambuco-espera-da-politica\/\">VER MAIS <i class=\"fa-solid fa-chevron-right\"><\/i><\/a><\/p>\n","protected":false},"author":2,"featured_media":297,"comment_status":"open","ping_status":"open","sticky":false,"template":"","format":"standard","meta":{"_acf_changed":false,"footnotes":""},"categories":[4],"tags":[],"class_list":["post-296","post","type-post","status-publish","format-standard","has-post-thumbnail","hentry","category-noticias","active"],"acf":[],"_links":{"self":[{"href":"https:\/\/jupi.pe.leg.br\/v3\/wp-json\/wp\/v2\/posts\/296","targetHints":{"allow":["GET"]}}],"collection":[{"href":"https:\/\/jupi.pe.leg.br\/v3\/wp-json\/wp\/v2\/posts"}],"about":[{"href":"https:\/\/jupi.pe.leg.br\/v3\/wp-json\/wp\/v2\/types\/post"}],"author":[{"embeddable":true,"href":"https:\/\/jupi.pe.leg.br\/v3\/wp-json\/wp\/v2\/users\/2"}],"replies":[{"embeddable":true,"href":"https:\/\/jupi.pe.leg.br\/v3\/wp-json\/wp\/v2\/comments?post=296"}],"version-history":[{"count":0,"href":"https:\/\/jupi.pe.leg.br\/v3\/wp-json\/wp\/v2\/posts\/296\/revisions"}],"wp:featuredmedia":[{"embeddable":true,"href":"https:\/\/jupi.pe.leg.br\/v3\/wp-json\/wp\/v2\/media\/297"}],"wp:attachment":[{"href":"https:\/\/jupi.pe.leg.br\/v3\/wp-json\/wp\/v2\/media?parent=296"}],"wp:term":[{"taxonomy":"category","embeddable":true,"href":"https:\/\/jupi.pe.leg.br\/v3\/wp-json\/wp\/v2\/categories?post=296"},{"taxonomy":"post_tag","embeddable":true,"href":"https:\/\/jupi.pe.leg.br\/v3\/wp-json\/wp\/v2\/tags?post=296"}],"curies":[{"name":"wp","href":"https:\/\/api.w.org\/{rel}","templated":true}]}}