{"id":2947,"date":"2024-05-10T11:42:26","date_gmt":"2024-05-10T14:42:26","guid":{"rendered":"https:\/\/jupi.pe.leg.br\/v3\/?p=2947"},"modified":"2024-05-10T11:42:26","modified_gmt":"2024-05-10T14:42:26","slug":"requerimento-no-045-2024","status":"publish","type":"post","link":"https:\/\/jupi.pe.leg.br\/v3\/requerimento-no-045-2024\/","title":{"rendered":"Requerimento n\u00ba. 045 2024"},"content":{"rendered":"<p>Requeiro \u00e0 Mesa, ouvindo o plen\u00e1rio, e cumprindo as formalidades regimentais, e ao Exmo. Prefeito deste munic\u00edpio, Sr. Ant\u00f4nio Marcos Patriota, por interm\u00e9dio da Secretaria Municipal de Infraestrutura e Servi\u00e7os Urbanos, em parceria com a Secretaria Municipal de Educa\u00e7\u00e3o, Cultura e Desportos, veemente apelo, no sentido de que seja atendida em tempo h\u00e1bil, a solicita\u00e7\u00e3o abaixo mencionada, j\u00e1 requerida atrav\u00e9s dos Requerimentos n\u00ba. 064\/2021, 026\/2022, 074\/2023, sendo reapresentada atrav\u00e9s do presente pleito.<br \/>\n&#8211; Amplia\u00e7\u00e3o e reforma da Escola Municipal Professor Fausto Cordeiro, situada no Povoado Col\u00f4nia deste munic\u00edpio.<br \/>\n08S: Do presente pleito, d\u00ea-se conhecimento ao llm\u00ba. Deputado Estadual Romero Sales Filho, a Secret\u00e1ria Municipal de Educa\u00e7\u00e3o, Sra. Josefa Lucidalva Patriota de Oliveira, e a Equipe gestora da referida unidade de ensino.<br \/>\nJustificativa: A necessidade de um conv\u00eanio de colabora\u00e7\u00e3o entre o Estado e munic\u00edpio, que assegure a implanta\u00e7\u00e3o de um sistema de extens\u00e3o do ensino m\u00e9dio, que abranja a comunidade escolar representada pela Unidade de Ensino supra mencionada.<\/p>\n","protected":false},"excerpt":{"rendered":"<p>Requeiro \u00e0 Mesa, ouvindo o plen\u00e1rio, e cumprindo as formalidades regimentais, e ao Exmo. Prefeito deste munic\u00edpio, Sr. Ant\u00f4nio Marcos Patriota, por interm\u00e9dio da Secretaria Municipal de Infraestrutura e Servi\u00e7os Urbanos, em parceria com a Secretaria Municipal de Educa\u00e7\u00e3o, Cultura <a class=\"leiamais\" href=\"https:\/\/jupi.pe.leg.br\/v3\/requerimento-no-045-2024\/\">VER MAIS <i class=\"fa-solid fa-chevron-right\"><\/i><\/a><\/p>\n","protected":false},"author":2,"featured_media":0,"comment_status":"open","ping_status":"open","sticky":false,"template":"","format":"standard","meta":{"_acf_changed":false,"footnotes":""},"categories":[23,5],"tags":[],"class_list":["post-2947","post","type-post","status-publish","format-standard","hentry","category-ver_antoniodacolonia","category-vereadores","active"],"acf":[],"_links":{"self":[{"href":"https:\/\/jupi.pe.leg.br\/v3\/wp-json\/wp\/v2\/posts\/2947","targetHints":{"allow":["GET"]}}],"collection":[{"href":"https:\/\/jupi.pe.leg.br\/v3\/wp-json\/wp\/v2\/posts"}],"about":[{"href":"https:\/\/jupi.pe.leg.br\/v3\/wp-json\/wp\/v2\/types\/post"}],"author":[{"embeddable":true,"href":"https:\/\/jupi.pe.leg.br\/v3\/wp-json\/wp\/v2\/users\/2"}],"replies":[{"embeddable":true,"href":"https:\/\/jupi.pe.leg.br\/v3\/wp-json\/wp\/v2\/comments?post=2947"}],"version-history":[{"count":0,"href":"https:\/\/jupi.pe.leg.br\/v3\/wp-json\/wp\/v2\/posts\/2947\/revisions"}],"wp:attachment":[{"href":"https:\/\/jupi.pe.leg.br\/v3\/wp-json\/wp\/v2\/media?parent=2947"}],"wp:term":[{"taxonomy":"category","embeddable":true,"href":"https:\/\/jupi.pe.leg.br\/v3\/wp-json\/wp\/v2\/categories?post=2947"},{"taxonomy":"post_tag","embeddable":true,"href":"https:\/\/jupi.pe.leg.br\/v3\/wp-json\/wp\/v2\/tags?post=2947"}],"curies":[{"name":"wp","href":"https:\/\/api.w.org\/{rel}","templated":true}]}}