{"id":2944,"date":"2024-05-10T11:40:16","date_gmt":"2024-05-10T14:40:16","guid":{"rendered":"https:\/\/jupi.pe.leg.br\/v3\/?p=2944"},"modified":"2024-05-10T11:40:16","modified_gmt":"2024-05-10T14:40:16","slug":"requerimento-no-044-2024","status":"publish","type":"post","link":"https:\/\/jupi.pe.leg.br\/v3\/requerimento-no-044-2024\/","title":{"rendered":"Requerimento n\u00ba. 044 2024"},"content":{"rendered":"<p>Requeiro \u00e0 Mesa, ouvindo o plen\u00e1rio, e cumprindo as formalidades regimentais, por interm\u00e9dio da Secretaria Estadual de Educa\u00e7\u00e3o, na pessoa da Sra. lvaneide Dantas, veemente apelo, no sentido de que seja atendida em tempo h\u00e1bil, a solicita\u00e7\u00e3o abaixo mencionada, apresentada atrav\u00e9s do presente pleito:<br \/>\n&#8211; Celebra\u00e7\u00e3o de Conv\u00eanio entre o Estado de Pernambuco e o municipio de Jupi, contemplando a Implanta\u00e7\u00e3o de Extens\u00e3o de turmas do Ensino M\u00e9dio na Escola Municipal Professor Fausto Cordeiro, situada no Povoado Col\u00f4nia deste munic\u00edpio.<br \/>\nOBS: Do presente pleito, d\u00ea-se conhecimento ao llm\u00ba. Deputado Estadual Romero Sales Filho, ao Prefeito deste munic\u00edpio, Sr. Ant\u00f4nio Marcos Patriota, a Secret\u00e1ria Municipal de Educa\u00e7\u00e3o, Sra. Josefa Lucidalva Patriota de Oliveira, e a Equipe gestora da referida unidade de ensino.<\/p>\n","protected":false},"excerpt":{"rendered":"<p>Requeiro \u00e0 Mesa, ouvindo o plen\u00e1rio, e cumprindo as formalidades regimentais, por interm\u00e9dio da Secretaria Estadual de Educa\u00e7\u00e3o, na pessoa da Sra. lvaneide Dantas, veemente apelo, no sentido de que seja atendida em tempo h\u00e1bil, a solicita\u00e7\u00e3o abaixo mencionada, apresentada <a class=\"leiamais\" href=\"https:\/\/jupi.pe.leg.br\/v3\/requerimento-no-044-2024\/\">VER MAIS <i class=\"fa-solid fa-chevron-right\"><\/i><\/a><\/p>\n","protected":false},"author":2,"featured_media":0,"comment_status":"open","ping_status":"open","sticky":false,"template":"","format":"standard","meta":{"_acf_changed":false,"footnotes":""},"categories":[23,5],"tags":[],"class_list":["post-2944","post","type-post","status-publish","format-standard","hentry","category-ver_antoniodacolonia","category-vereadores","active"],"acf":[],"_links":{"self":[{"href":"https:\/\/jupi.pe.leg.br\/v3\/wp-json\/wp\/v2\/posts\/2944","targetHints":{"allow":["GET"]}}],"collection":[{"href":"https:\/\/jupi.pe.leg.br\/v3\/wp-json\/wp\/v2\/posts"}],"about":[{"href":"https:\/\/jupi.pe.leg.br\/v3\/wp-json\/wp\/v2\/types\/post"}],"author":[{"embeddable":true,"href":"https:\/\/jupi.pe.leg.br\/v3\/wp-json\/wp\/v2\/users\/2"}],"replies":[{"embeddable":true,"href":"https:\/\/jupi.pe.leg.br\/v3\/wp-json\/wp\/v2\/comments?post=2944"}],"version-history":[{"count":0,"href":"https:\/\/jupi.pe.leg.br\/v3\/wp-json\/wp\/v2\/posts\/2944\/revisions"}],"wp:attachment":[{"href":"https:\/\/jupi.pe.leg.br\/v3\/wp-json\/wp\/v2\/media?parent=2944"}],"wp:term":[{"taxonomy":"category","embeddable":true,"href":"https:\/\/jupi.pe.leg.br\/v3\/wp-json\/wp\/v2\/categories?post=2944"},{"taxonomy":"post_tag","embeddable":true,"href":"https:\/\/jupi.pe.leg.br\/v3\/wp-json\/wp\/v2\/tags?post=2944"}],"curies":[{"name":"wp","href":"https:\/\/api.w.org\/{rel}","templated":true}]}}