{"id":2939,"date":"2024-04-30T17:46:28","date_gmt":"2024-04-30T20:46:28","guid":{"rendered":"https:\/\/jupi.pe.leg.br\/v3\/?p=2939"},"modified":"2024-04-30T17:46:28","modified_gmt":"2024-04-30T20:46:28","slug":"requerimento-no-043-2024","status":"publish","type":"post","link":"https:\/\/jupi.pe.leg.br\/v3\/requerimento-no-043-2024\/","title":{"rendered":"Requerimento n\u00ba. 043 2024"},"content":{"rendered":"<p>limo. Presidente da C\u00e2mara Municipal de Vereadores de Jupi\/PE.<br \/>\nSr. L\u00eadson Lins de Oliveira.<\/p>\n<p>Requeiro a Mesa. ouvindo o Plen\u00e1rio e cumprindo as formalidades regimentais, solicita\u00e7\u00e3o ao Exmo. Gerente da CELPE\/Garanhuns-PE, no sentido de que seja realizada em car\u00e1ter de urg\u00eancia, a execu\u00e7\u00e3o de servi\u00e7os de deslocamento da rede de alta tens\u00e3o que est\u00e1 ocasionando grande perigo aos moradores, devido a mesma est\u00e1 passando sobre as resid\u00eancias nas ruas: Jo\u00e3o Proc\u00f3pio da Silva, Joaquim Alves da Silva e Jos\u00e9 M\u00e1rio Teixeira Lima, desta cidade.<\/p>\n","protected":false},"excerpt":{"rendered":"<p>limo. Presidente da C\u00e2mara Municipal de Vereadores de Jupi\/PE. Sr. L\u00eadson Lins de Oliveira. Requeiro a Mesa. ouvindo o Plen\u00e1rio e cumprindo as formalidades regimentais, solicita\u00e7\u00e3o ao Exmo. Gerente da CELPE\/Garanhuns-PE, no sentido de que seja realizada em car\u00e1ter de <a class=\"leiamais\" href=\"https:\/\/jupi.pe.leg.br\/v3\/requerimento-no-043-2024\/\">VER MAIS <i class=\"fa-solid fa-chevron-right\"><\/i><\/a><\/p>\n","protected":false},"author":2,"featured_media":0,"comment_status":"open","ping_status":"open","sticky":false,"template":"","format":"standard","meta":{"_acf_changed":false,"footnotes":""},"categories":[13,5],"tags":[],"class_list":["post-2939","post","type-post","status-publish","format-standard","hentry","category-ver_toinho","category-vereadores","active"],"acf":[],"_links":{"self":[{"href":"https:\/\/jupi.pe.leg.br\/v3\/wp-json\/wp\/v2\/posts\/2939","targetHints":{"allow":["GET"]}}],"collection":[{"href":"https:\/\/jupi.pe.leg.br\/v3\/wp-json\/wp\/v2\/posts"}],"about":[{"href":"https:\/\/jupi.pe.leg.br\/v3\/wp-json\/wp\/v2\/types\/post"}],"author":[{"embeddable":true,"href":"https:\/\/jupi.pe.leg.br\/v3\/wp-json\/wp\/v2\/users\/2"}],"replies":[{"embeddable":true,"href":"https:\/\/jupi.pe.leg.br\/v3\/wp-json\/wp\/v2\/comments?post=2939"}],"version-history":[{"count":0,"href":"https:\/\/jupi.pe.leg.br\/v3\/wp-json\/wp\/v2\/posts\/2939\/revisions"}],"wp:attachment":[{"href":"https:\/\/jupi.pe.leg.br\/v3\/wp-json\/wp\/v2\/media?parent=2939"}],"wp:term":[{"taxonomy":"category","embeddable":true,"href":"https:\/\/jupi.pe.leg.br\/v3\/wp-json\/wp\/v2\/categories?post=2939"},{"taxonomy":"post_tag","embeddable":true,"href":"https:\/\/jupi.pe.leg.br\/v3\/wp-json\/wp\/v2\/tags?post=2939"}],"curies":[{"name":"wp","href":"https:\/\/api.w.org\/{rel}","templated":true}]}}