{"id":2933,"date":"2024-04-30T17:44:20","date_gmt":"2024-04-30T20:44:20","guid":{"rendered":"https:\/\/jupi.pe.leg.br\/v3\/?p=2933"},"modified":"2024-04-30T17:44:20","modified_gmt":"2024-04-30T20:44:20","slug":"requerimento-no-041-2024","status":"publish","type":"post","link":"https:\/\/jupi.pe.leg.br\/v3\/requerimento-no-041-2024\/","title":{"rendered":"Requerimento n\u00ba. 041 2024"},"content":{"rendered":"<p>Requeiro \u00e0 Mesa, ouvindo o Plen\u00e1rio e cumprindo as formalidades regimentais, solicita\u00e7\u00e3o ao Exmo. Prefeito deste munic\u00edpio, Senhor Ant\u00f4nio Marcos Patriota, por interm\u00e9dio da Secretaria Municipal de Educa\u00e7\u00e3o, Cultura, Esporte, Turismo e Lazer, a aquisi\u00e7\u00e3o e distribui\u00e7\u00e3o de kits escolares composto de: Mochilas, cadernos, l\u00e0pis, canetas e outros materiais complementares adequados a cada etapa de ensino. seja na educa\u00e7\u00e3o de creche, Ensino infantil, anos iniciais e finais do Ensino Fundamental, bem como, nas modalidades de Educa\u00e7\u00e3o de Jovens e Adultos e Educa\u00e7\u00e3o Especial, para que possamos atender o prop\u00f3sito de fornecimento de materiais escolares e garantir os direitos de aprendizagem dos estudantes da Rede Municipal de Ensino desta municipalidade.<\/p>\n","protected":false},"excerpt":{"rendered":"<p>Requeiro \u00e0 Mesa, ouvindo o Plen\u00e1rio e cumprindo as formalidades regimentais, solicita\u00e7\u00e3o ao Exmo. Prefeito deste munic\u00edpio, Senhor Ant\u00f4nio Marcos Patriota, por interm\u00e9dio da Secretaria Municipal de Educa\u00e7\u00e3o, Cultura, Esporte, Turismo e Lazer, a aquisi\u00e7\u00e3o e distribui\u00e7\u00e3o de kits escolares <a class=\"leiamais\" href=\"https:\/\/jupi.pe.leg.br\/v3\/requerimento-no-041-2024\/\">VER MAIS <i class=\"fa-solid fa-chevron-right\"><\/i><\/a><\/p>\n","protected":false},"author":2,"featured_media":0,"comment_status":"open","ping_status":"open","sticky":false,"template":"","format":"standard","meta":{"_acf_changed":false,"footnotes":""},"categories":[28,5],"tags":[],"class_list":["post-2933","post","type-post","status-publish","format-standard","hentry","category-rezilda","category-vereadores","active"],"acf":[],"_links":{"self":[{"href":"https:\/\/jupi.pe.leg.br\/v3\/wp-json\/wp\/v2\/posts\/2933","targetHints":{"allow":["GET"]}}],"collection":[{"href":"https:\/\/jupi.pe.leg.br\/v3\/wp-json\/wp\/v2\/posts"}],"about":[{"href":"https:\/\/jupi.pe.leg.br\/v3\/wp-json\/wp\/v2\/types\/post"}],"author":[{"embeddable":true,"href":"https:\/\/jupi.pe.leg.br\/v3\/wp-json\/wp\/v2\/users\/2"}],"replies":[{"embeddable":true,"href":"https:\/\/jupi.pe.leg.br\/v3\/wp-json\/wp\/v2\/comments?post=2933"}],"version-history":[{"count":0,"href":"https:\/\/jupi.pe.leg.br\/v3\/wp-json\/wp\/v2\/posts\/2933\/revisions"}],"wp:attachment":[{"href":"https:\/\/jupi.pe.leg.br\/v3\/wp-json\/wp\/v2\/media?parent=2933"}],"wp:term":[{"taxonomy":"category","embeddable":true,"href":"https:\/\/jupi.pe.leg.br\/v3\/wp-json\/wp\/v2\/categories?post=2933"},{"taxonomy":"post_tag","embeddable":true,"href":"https:\/\/jupi.pe.leg.br\/v3\/wp-json\/wp\/v2\/tags?post=2933"}],"curies":[{"name":"wp","href":"https:\/\/api.w.org\/{rel}","templated":true}]}}