{"id":2926,"date":"2024-04-30T17:42:16","date_gmt":"2024-04-30T20:42:16","guid":{"rendered":"https:\/\/jupi.pe.leg.br\/v3\/?p=2926"},"modified":"2024-04-30T17:42:16","modified_gmt":"2024-04-30T20:42:16","slug":"requerimento-no-039-2024","status":"publish","type":"post","link":"https:\/\/jupi.pe.leg.br\/v3\/requerimento-no-039-2024\/","title":{"rendered":"Requerimento n\u00ba. 039 2024"},"content":{"rendered":"<p>Requeiro \u00e0 Mesa, ouvindo o plen\u00e1rio, e cumprindo as formalidades regimentais, e ao Exmo. Prefeito deste munic\u00edpio, Sr. Ant\u00f4nio Marcos Patriota, por interm\u00e9dio da Secretaria competente, veemente apelo, no sentido de que, em tempo h\u00e1bil, seja priorizada esta &#8220;Solicita\u00e7\u00e3o Urgente&#8221;, juntamente a Governadora Raquel Teixeira Lyra Lucena, j\u00e1 requerida atrav\u00e9s dos Requerimentos n\u00bas.: 054\/2005, 031\/2011, 037\/2012, \u00e0 \u00e9poca, solicitado ao governo deste Estado atrav\u00e9s do Of\u00edcio n\u00ba 002\/2020, sendo portanto, reapresentado atrav\u00e9s do presente pleito.<br \/>\n&#8211; Implanta\u00e7\u00e3o de um Posto Policial no Povoado Col\u00f4nia deste munic\u00edpio.<br \/>\n08S: Do presente pleito, d\u00ea-se conhecimento ao limo. Deputado Estadual, Romero Sales Filho, para que interceda junto ao Governo do Estado pelo pleno atendimento.<\/p>\n","protected":false},"excerpt":{"rendered":"<p>Requeiro \u00e0 Mesa, ouvindo o plen\u00e1rio, e cumprindo as formalidades regimentais, e ao Exmo. Prefeito deste munic\u00edpio, Sr. Ant\u00f4nio Marcos Patriota, por interm\u00e9dio da Secretaria competente, veemente apelo, no sentido de que, em tempo h\u00e1bil, seja priorizada esta &#8220;Solicita\u00e7\u00e3o Urgente&#8221;, <a class=\"leiamais\" href=\"https:\/\/jupi.pe.leg.br\/v3\/requerimento-no-039-2024\/\">VER MAIS <i class=\"fa-solid fa-chevron-right\"><\/i><\/a><\/p>\n","protected":false},"author":2,"featured_media":0,"comment_status":"open","ping_status":"open","sticky":false,"template":"","format":"standard","meta":{"_acf_changed":false,"footnotes":""},"categories":[23,5],"tags":[],"class_list":["post-2926","post","type-post","status-publish","format-standard","hentry","category-ver_antoniodacolonia","category-vereadores","active"],"acf":[],"_links":{"self":[{"href":"https:\/\/jupi.pe.leg.br\/v3\/wp-json\/wp\/v2\/posts\/2926","targetHints":{"allow":["GET"]}}],"collection":[{"href":"https:\/\/jupi.pe.leg.br\/v3\/wp-json\/wp\/v2\/posts"}],"about":[{"href":"https:\/\/jupi.pe.leg.br\/v3\/wp-json\/wp\/v2\/types\/post"}],"author":[{"embeddable":true,"href":"https:\/\/jupi.pe.leg.br\/v3\/wp-json\/wp\/v2\/users\/2"}],"replies":[{"embeddable":true,"href":"https:\/\/jupi.pe.leg.br\/v3\/wp-json\/wp\/v2\/comments?post=2926"}],"version-history":[{"count":0,"href":"https:\/\/jupi.pe.leg.br\/v3\/wp-json\/wp\/v2\/posts\/2926\/revisions"}],"wp:attachment":[{"href":"https:\/\/jupi.pe.leg.br\/v3\/wp-json\/wp\/v2\/media?parent=2926"}],"wp:term":[{"taxonomy":"category","embeddable":true,"href":"https:\/\/jupi.pe.leg.br\/v3\/wp-json\/wp\/v2\/categories?post=2926"},{"taxonomy":"post_tag","embeddable":true,"href":"https:\/\/jupi.pe.leg.br\/v3\/wp-json\/wp\/v2\/tags?post=2926"}],"curies":[{"name":"wp","href":"https:\/\/api.w.org\/{rel}","templated":true}]}}