{"id":2923,"date":"2024-04-30T17:37:43","date_gmt":"2024-04-30T20:37:43","guid":{"rendered":"https:\/\/jupi.pe.leg.br\/v3\/?p=2923"},"modified":"2024-04-30T17:37:43","modified_gmt":"2024-04-30T20:37:43","slug":"requerimento-no-038-2024","status":"publish","type":"post","link":"https:\/\/jupi.pe.leg.br\/v3\/requerimento-no-038-2024\/","title":{"rendered":"Requerimento n\u00ba. 038 2024"},"content":{"rendered":"<p>limo. Presidente da C\u00e2mara Municipal de Vereadores de Jupi-PE.<br \/>\nSr. L\u00eadson Lins de Oliveira<br \/>\nRequeiro \u00e0 Mesa. ouvindo o Plen\u00e1rio e cumprindo as formalidades regimentais, solicita\u00e7\u00e3o ao Exmo. Prefeito deste munic\u00edpio, senhor Ant\u00f4nio Marcos Patriota, por interm\u00e9dio da Secretaria Municipal de Assist\u00eancia Social, que ofertem vagas no nosso munic\u00edpio para est\u00e1gio atrav\u00e9s de edital simplificado para estudantes de Bacharelado em Direito, com a finalidade de ampliar o atendimento de forma gratuita \u00e0 popula\u00e7\u00e3o do nosso munic\u00edpio.<\/p>\n","protected":false},"excerpt":{"rendered":"<p>limo. Presidente da C\u00e2mara Municipal de Vereadores de Jupi-PE. Sr. L\u00eadson Lins de Oliveira Requeiro \u00e0 Mesa. ouvindo o Plen\u00e1rio e cumprindo as formalidades regimentais, solicita\u00e7\u00e3o ao Exmo. Prefeito deste munic\u00edpio, senhor Ant\u00f4nio Marcos Patriota, por interm\u00e9dio da Secretaria Municipal <a class=\"leiamais\" href=\"https:\/\/jupi.pe.leg.br\/v3\/requerimento-no-038-2024\/\">VER MAIS <i class=\"fa-solid fa-chevron-right\"><\/i><\/a><\/p>\n","protected":false},"author":2,"featured_media":0,"comment_status":"open","ping_status":"open","sticky":false,"template":"","format":"standard","meta":{"_acf_changed":false,"footnotes":""},"categories":[27,5],"tags":[],"class_list":["post-2923","post","type-post","status-publish","format-standard","hentry","category-ricardo","category-vereadores","active"],"acf":[],"_links":{"self":[{"href":"https:\/\/jupi.pe.leg.br\/v3\/wp-json\/wp\/v2\/posts\/2923","targetHints":{"allow":["GET"]}}],"collection":[{"href":"https:\/\/jupi.pe.leg.br\/v3\/wp-json\/wp\/v2\/posts"}],"about":[{"href":"https:\/\/jupi.pe.leg.br\/v3\/wp-json\/wp\/v2\/types\/post"}],"author":[{"embeddable":true,"href":"https:\/\/jupi.pe.leg.br\/v3\/wp-json\/wp\/v2\/users\/2"}],"replies":[{"embeddable":true,"href":"https:\/\/jupi.pe.leg.br\/v3\/wp-json\/wp\/v2\/comments?post=2923"}],"version-history":[{"count":0,"href":"https:\/\/jupi.pe.leg.br\/v3\/wp-json\/wp\/v2\/posts\/2923\/revisions"}],"wp:attachment":[{"href":"https:\/\/jupi.pe.leg.br\/v3\/wp-json\/wp\/v2\/media?parent=2923"}],"wp:term":[{"taxonomy":"category","embeddable":true,"href":"https:\/\/jupi.pe.leg.br\/v3\/wp-json\/wp\/v2\/categories?post=2923"},{"taxonomy":"post_tag","embeddable":true,"href":"https:\/\/jupi.pe.leg.br\/v3\/wp-json\/wp\/v2\/tags?post=2923"}],"curies":[{"name":"wp","href":"https:\/\/api.w.org\/{rel}","templated":true}]}}