{"id":2917,"date":"2024-04-30T17:34:50","date_gmt":"2024-04-30T20:34:50","guid":{"rendered":"https:\/\/jupi.pe.leg.br\/v3\/?p=2917"},"modified":"2024-04-30T17:34:50","modified_gmt":"2024-04-30T20:34:50","slug":"pedido-de-informacao-n-001-2024","status":"publish","type":"post","link":"https:\/\/jupi.pe.leg.br\/v3\/pedido-de-informacao-n-001-2024\/","title":{"rendered":"PEDIDO DE INFORMA\u00c7\u00c3O N. 001\/2024"},"content":{"rendered":"<p>A vereadora que este subscreve, com amparo regimental, ap\u00f3s ouvido o<br \/>\nsoberano Plen\u00e1rio, requer \u00e0 Mesa Diretora desta Casa Legislativa, que se dirija ao Poder Executivo Municipal, por interm\u00e9dio da Secretaria Municipal de Educa\u00e7\u00e3o, Cultura, Esporte, Turismo e Lazer, o encaminhamento de<br \/>\ninforma\u00e7\u00f5es a esta Casa de Leis referente ao fornecimento de fardamento<br \/>\nescolar aos estudantes da Rede Municipal de Ensino, que atualmente atinge um<br \/>\nquantitativo aproximado de 3.400 (tr\u00eas mil e quatrocentas) matr\u00edculas, em suas diversas etapas e modalidades, tanto nas escolas rurais, quanto nas escolas urbanas, para que assim possamos atender o prop\u00f3sito de uniformizar<br \/>\nanualmente os alunos, garantindo os direitos de aprendizagem dos mun\u00edcipes e<br \/>\no cumprimento do que preconiza a Lei Municipal n 733\/2022, de 19\/05\/2022, Disp\u00f5e sobre o uso de uniforme escolar padronizado nas escolas p\u00fablicas municipais de Jupi e d\u00e1 outras provid\u00eancias.<\/p>\n","protected":false},"excerpt":{"rendered":"<p>A vereadora que este subscreve, com amparo regimental, ap\u00f3s ouvido o soberano Plen\u00e1rio, requer \u00e0 Mesa Diretora desta Casa Legislativa, que se dirija ao Poder Executivo Municipal, por interm\u00e9dio da Secretaria Municipal de Educa\u00e7\u00e3o, Cultura, Esporte, Turismo e Lazer, o <a class=\"leiamais\" href=\"https:\/\/jupi.pe.leg.br\/v3\/pedido-de-informacao-n-001-2024\/\">VER MAIS <i class=\"fa-solid fa-chevron-right\"><\/i><\/a><\/p>\n","protected":false},"author":2,"featured_media":0,"comment_status":"open","ping_status":"open","sticky":false,"template":"","format":"standard","meta":{"_acf_changed":false,"footnotes":""},"categories":[28,5],"tags":[],"class_list":["post-2917","post","type-post","status-publish","format-standard","hentry","category-rezilda","category-vereadores","active"],"acf":[],"_links":{"self":[{"href":"https:\/\/jupi.pe.leg.br\/v3\/wp-json\/wp\/v2\/posts\/2917","targetHints":{"allow":["GET"]}}],"collection":[{"href":"https:\/\/jupi.pe.leg.br\/v3\/wp-json\/wp\/v2\/posts"}],"about":[{"href":"https:\/\/jupi.pe.leg.br\/v3\/wp-json\/wp\/v2\/types\/post"}],"author":[{"embeddable":true,"href":"https:\/\/jupi.pe.leg.br\/v3\/wp-json\/wp\/v2\/users\/2"}],"replies":[{"embeddable":true,"href":"https:\/\/jupi.pe.leg.br\/v3\/wp-json\/wp\/v2\/comments?post=2917"}],"version-history":[{"count":0,"href":"https:\/\/jupi.pe.leg.br\/v3\/wp-json\/wp\/v2\/posts\/2917\/revisions"}],"wp:attachment":[{"href":"https:\/\/jupi.pe.leg.br\/v3\/wp-json\/wp\/v2\/media?parent=2917"}],"wp:term":[{"taxonomy":"category","embeddable":true,"href":"https:\/\/jupi.pe.leg.br\/v3\/wp-json\/wp\/v2\/categories?post=2917"},{"taxonomy":"post_tag","embeddable":true,"href":"https:\/\/jupi.pe.leg.br\/v3\/wp-json\/wp\/v2\/tags?post=2917"}],"curies":[{"name":"wp","href":"https:\/\/api.w.org\/{rel}","templated":true}]}}