{"id":2890,"date":"2024-04-16T09:42:02","date_gmt":"2024-04-16T12:42:02","guid":{"rendered":"https:\/\/jupi.pe.leg.br\/v3\/?p=2890"},"modified":"2024-04-16T09:42:02","modified_gmt":"2024-04-16T12:42:02","slug":"na-9a-reuniao-da-camara-municipal-de-jupi-os-vereadores-apresentaram-os-seguintes-requerimentos","status":"publish","type":"post","link":"https:\/\/jupi.pe.leg.br\/v3\/na-9a-reuniao-da-camara-municipal-de-jupi-os-vereadores-apresentaram-os-seguintes-requerimentos\/","title":{"rendered":"Na 9\u00aa reuni\u00e3o da C\u00e2mara Municipal de Jupi, os vereadores apresentaram os seguintes requerimentos:"},"content":{"rendered":"<p>&#8211; &#x1f4dc; Requerimento n\u00b0. 031\/2024 da Vereadora Maria Joselma: Amplia\u00e7\u00e3o da equipe de manuten\u00e7\u00e3o.<\/p>\n<p>&#8211; &#x1f4dc; Requerimento n\u00b0. 032\/2024 do Vereador Ant\u00f4nio Liberato: Contrata\u00e7\u00e3o de m\u00e9dico para o Hospital Claudina Teixeira.<\/p>\n<p>&#8211; &#x1f4dc; Requerimento n\u00b0. 034\/2024 do Vereador Ant\u00f4nio Pedro: Constru\u00e7\u00e3o da Cozinha Comunit\u00e1ria.<\/p>\n<p>&#8211; &#x1f4dc; Requerimento n\u00b0. 035\/2024 do Vereador Luiz Ricardo: Reparos na galeria da Pra\u00e7a Vereador Magno Fernando.<\/p>\n<p>&#8211; &#x1f4dc; Requerimento n\u00b0. 036\/2024 do Vereador Luiz Ricardo: Constru\u00e7\u00e3o de uma nova pra\u00e7a ao lado da Quadra Poliesportiva Edvaldo Tobias. Juntos, buscando o melhor para Jupi! &#x1f31f;<\/p>\n<p>&nbsp;<\/p>\n<div style=\"width: 1080px;\" class=\"wp-video\"><video class=\"wp-video-shortcode\" id=\"video-2890-1\" width=\"1080\" height=\"1920\" preload=\"metadata\" controls=\"controls\"><source type=\"video\/mp4\" src=\"https:\/\/jupi.pe.leg.br\/v3\/wp-content\/uploads\/2024\/04\/jupi-1.mp4?_=1\" \/><a href=\"https:\/\/jupi.pe.leg.br\/v3\/wp-content\/uploads\/2024\/04\/jupi-1.mp4\">https:\/\/jupi.pe.leg.br\/v3\/wp-content\/uploads\/2024\/04\/jupi-1.mp4<\/a><\/video><\/div>\n","protected":false},"excerpt":{"rendered":"<p>&#8211; &#x1f4dc; Requerimento n\u00b0. 031\/2024 da Vereadora Maria Joselma: Amplia\u00e7\u00e3o da equipe de manuten\u00e7\u00e3o. &#8211; &#x1f4dc; Requerimento n\u00b0. 032\/2024 do Vereador Ant\u00f4nio Liberato: Contrata\u00e7\u00e3o de m\u00e9dico para o Hospital Claudina Teixeira. &#8211; &#x1f4dc; Requerimento n\u00b0. 034\/2024 do Vereador Ant\u00f4nio Pedro: <a class=\"leiamais\" href=\"https:\/\/jupi.pe.leg.br\/v3\/na-9a-reuniao-da-camara-municipal-de-jupi-os-vereadores-apresentaram-os-seguintes-requerimentos\/\">VER MAIS <i class=\"fa-solid fa-chevron-right\"><\/i><\/a><\/p>\n","protected":false},"author":2,"featured_media":2892,"comment_status":"open","ping_status":"open","sticky":false,"template":"","format":"standard","meta":{"_acf_changed":false,"footnotes":""},"categories":[4],"tags":[],"class_list":["post-2890","post","type-post","status-publish","format-standard","has-post-thumbnail","hentry","category-noticias","active"],"acf":[],"_links":{"self":[{"href":"https:\/\/jupi.pe.leg.br\/v3\/wp-json\/wp\/v2\/posts\/2890","targetHints":{"allow":["GET"]}}],"collection":[{"href":"https:\/\/jupi.pe.leg.br\/v3\/wp-json\/wp\/v2\/posts"}],"about":[{"href":"https:\/\/jupi.pe.leg.br\/v3\/wp-json\/wp\/v2\/types\/post"}],"author":[{"embeddable":true,"href":"https:\/\/jupi.pe.leg.br\/v3\/wp-json\/wp\/v2\/users\/2"}],"replies":[{"embeddable":true,"href":"https:\/\/jupi.pe.leg.br\/v3\/wp-json\/wp\/v2\/comments?post=2890"}],"version-history":[{"count":0,"href":"https:\/\/jupi.pe.leg.br\/v3\/wp-json\/wp\/v2\/posts\/2890\/revisions"}],"wp:featuredmedia":[{"embeddable":true,"href":"https:\/\/jupi.pe.leg.br\/v3\/wp-json\/wp\/v2\/media\/2892"}],"wp:attachment":[{"href":"https:\/\/jupi.pe.leg.br\/v3\/wp-json\/wp\/v2\/media?parent=2890"}],"wp:term":[{"taxonomy":"category","embeddable":true,"href":"https:\/\/jupi.pe.leg.br\/v3\/wp-json\/wp\/v2\/categories?post=2890"},{"taxonomy":"post_tag","embeddable":true,"href":"https:\/\/jupi.pe.leg.br\/v3\/wp-json\/wp\/v2\/tags?post=2890"}],"curies":[{"name":"wp","href":"https:\/\/api.w.org\/{rel}","templated":true}]}}