{"id":2886,"date":"2024-04-16T09:39:00","date_gmt":"2024-04-16T12:39:00","guid":{"rendered":"https:\/\/jupi.pe.leg.br\/v3\/?p=2886"},"modified":"2024-04-16T09:39:00","modified_gmt":"2024-04-16T12:39:00","slug":"celebrando-a-iniciativa-brilhante-do-vereador-fabio-da-raposa","status":"publish","type":"post","link":"https:\/\/jupi.pe.leg.br\/v3\/celebrando-a-iniciativa-brilhante-do-vereador-fabio-da-raposa\/","title":{"rendered":"Celebrando a iniciativa brilhante do Vereador F\u00e1bio da Raposa!"},"content":{"rendered":"<p>&#x1f31f;&#x2728; Sua paix\u00e3o pela cidade se reflete em cada a\u00e7\u00e3o, como este requerimento para a constru\u00e7\u00e3o de um n\u00facleo integrado para mulheres em nosso munic\u00edpio.<\/p>\n<p>&#x1f3e0;&#x1f469;&#x200d;&#x1f467;&#x200d;&#x1f467; Juntos, estamos construindo um futuro mais inclusivo e acolhedor. &#x1f4aa;&#x1f496;<\/p>\n<p>&#x1f64c;&#x1f4ab; Porque todas as mulheres merecem um lugar seguro e de apoio! O Vereador F\u00e1bio da Raposa est\u00e1 liderando o caminho para tornar isso uma realidade em nossa querida Jupi.<\/p>\n<p>&#x1f3e1; Vamos apoiar esta causa e espalhar amor e solidariedade em nossa comunidade. &#x1f49e;&#x1f31f;<\/p>\n<p>&nbsp;<\/p>\n<p><img loading=\"lazy\" decoding=\"async\" width=\"1024\" height=\"1280\" class=\"img-fluid aligncenter size-full wp-image-2887\" src=\"https:\/\/jupi.pe.leg.br\/v3\/wp-content\/uploads\/2024\/04\/jupi-2-1.jpg\" alt=\"\" data-wp-pid=\"2887\" srcset=\"https:\/\/jupi.pe.leg.br\/v3\/wp-content\/uploads\/2024\/04\/jupi-2-1.jpg 1024w, https:\/\/jupi.pe.leg.br\/v3\/wp-content\/uploads\/2024\/04\/jupi-2-1-240x300.jpg 240w, https:\/\/jupi.pe.leg.br\/v3\/wp-content\/uploads\/2024\/04\/jupi-2-1-819x1024.jpg 819w, https:\/\/jupi.pe.leg.br\/v3\/wp-content\/uploads\/2024\/04\/jupi-2-1-768x960.jpg 768w\" sizes=\"auto, (max-width: 1024px) 100vw, 1024px\" \/> <img loading=\"lazy\" decoding=\"async\" width=\"1024\" height=\"1280\" class=\"img-fluid aligncenter size-full wp-image-2888\" src=\"https:\/\/jupi.pe.leg.br\/v3\/wp-content\/uploads\/2024\/04\/jupi-1-1.jpg\" alt=\"\" data-wp-pid=\"2888\" srcset=\"https:\/\/jupi.pe.leg.br\/v3\/wp-content\/uploads\/2024\/04\/jupi-1-1.jpg 1024w, https:\/\/jupi.pe.leg.br\/v3\/wp-content\/uploads\/2024\/04\/jupi-1-1-240x300.jpg 240w, https:\/\/jupi.pe.leg.br\/v3\/wp-content\/uploads\/2024\/04\/jupi-1-1-819x1024.jpg 819w, https:\/\/jupi.pe.leg.br\/v3\/wp-content\/uploads\/2024\/04\/jupi-1-1-768x960.jpg 768w\" sizes=\"auto, (max-width: 1024px) 100vw, 1024px\" \/><\/p>\n","protected":false},"excerpt":{"rendered":"<p>&#x1f31f;&#x2728; Sua paix\u00e3o pela cidade se reflete em cada a\u00e7\u00e3o, como este requerimento para a constru\u00e7\u00e3o de um n\u00facleo integrado para mulheres em nosso munic\u00edpio. &#x1f3e0;&#x1f469;&#x200d;&#x1f467;&#x200d;&#x1f467; Juntos, estamos construindo um futuro mais inclusivo e acolhedor. &#x1f4aa;&#x1f496; &#x1f64c;&#x1f4ab; Porque todas as <a class=\"leiamais\" href=\"https:\/\/jupi.pe.leg.br\/v3\/celebrando-a-iniciativa-brilhante-do-vereador-fabio-da-raposa\/\">VER MAIS <i class=\"fa-solid fa-chevron-right\"><\/i><\/a><\/p>\n","protected":false},"author":2,"featured_media":2887,"comment_status":"open","ping_status":"open","sticky":false,"template":"","format":"standard","meta":{"_acf_changed":false,"footnotes":""},"categories":[4],"tags":[],"class_list":["post-2886","post","type-post","status-publish","format-standard","has-post-thumbnail","hentry","category-noticias","active"],"acf":[],"_links":{"self":[{"href":"https:\/\/jupi.pe.leg.br\/v3\/wp-json\/wp\/v2\/posts\/2886","targetHints":{"allow":["GET"]}}],"collection":[{"href":"https:\/\/jupi.pe.leg.br\/v3\/wp-json\/wp\/v2\/posts"}],"about":[{"href":"https:\/\/jupi.pe.leg.br\/v3\/wp-json\/wp\/v2\/types\/post"}],"author":[{"embeddable":true,"href":"https:\/\/jupi.pe.leg.br\/v3\/wp-json\/wp\/v2\/users\/2"}],"replies":[{"embeddable":true,"href":"https:\/\/jupi.pe.leg.br\/v3\/wp-json\/wp\/v2\/comments?post=2886"}],"version-history":[{"count":0,"href":"https:\/\/jupi.pe.leg.br\/v3\/wp-json\/wp\/v2\/posts\/2886\/revisions"}],"wp:featuredmedia":[{"embeddable":true,"href":"https:\/\/jupi.pe.leg.br\/v3\/wp-json\/wp\/v2\/media\/2887"}],"wp:attachment":[{"href":"https:\/\/jupi.pe.leg.br\/v3\/wp-json\/wp\/v2\/media?parent=2886"}],"wp:term":[{"taxonomy":"category","embeddable":true,"href":"https:\/\/jupi.pe.leg.br\/v3\/wp-json\/wp\/v2\/categories?post=2886"},{"taxonomy":"post_tag","embeddable":true,"href":"https:\/\/jupi.pe.leg.br\/v3\/wp-json\/wp\/v2\/tags?post=2886"}],"curies":[{"name":"wp","href":"https:\/\/api.w.org\/{rel}","templated":true}]}}