{"id":288,"date":"2018-07-05T13:05:25","date_gmt":"2018-07-05T16:05:25","guid":{"rendered":"https:\/\/jupi.pe.leg.br\/v3\/?p=288"},"modified":"2018-07-05T14:34:28","modified_gmt":"2018-07-05T17:34:28","slug":"tce-e-mpco-fazem-recomendacao-sobre-contratos-de-servicos-previdenciarios","status":"publish","type":"post","link":"https:\/\/jupi.pe.leg.br\/v3\/tce-e-mpco-fazem-recomendacao-sobre-contratos-de-servicos-previdenciarios\/","title":{"rendered":"TCE e MPCO fazem recomenda\u00e7\u00e3o sobre contratos de servi\u00e7os previdenci\u00e1rios"},"content":{"rendered":"<p>O TCE e o Minist\u00e9rio P\u00fablico de Contas expediram no \u00faltimo dia 19 uma recomenda\u00e7\u00e3o conjunta aos prefeitos dos 184 munic\u00edpios pernambucanos e gestores dos institutos previdenci\u00e1rios sobre a contrata\u00e7\u00e3o de empresas para a presta\u00e7\u00e3o de servi\u00e7os de an\u00e1lise, confer\u00eancia e revis\u00e3o de procedimentos, objetivando a recupera\u00e7\u00e3o de cr\u00e9dito entre regimes previdenci\u00e1rios e compensa\u00e7\u00e3o administrativa e financeira. A resolu\u00e7\u00e3o trata tamb\u00e9m da orienta\u00e7\u00e3o e capacita\u00e7\u00e3o da equipe t\u00e9cnica componente do \u00f3rg\u00e3o, com vistas \u00e0 continuidade da execu\u00e7\u00e3o dos servi\u00e7os.<\/p>\n<p>De acordo com a recomenda\u00e7\u00e3o, baseada na Lei Estadual 12.600\/2004 e suas altera\u00e7\u00f5es, os munic\u00edpios devem se abster de contratar os servi\u00e7os de an\u00e1lise, confer\u00eancia e revis\u00e3o de procedimentos para fins de recupera\u00e7\u00e3o de cr\u00e9dito entre regimes previdenci\u00e1rios (RGPS e RPPS), compensa\u00e7\u00e3o administrativa e financeira\/COMPREV, bem como encerrar os contratos vigentes, no prazo de 30 dias.<\/p>\n<p>O descumprimento desta recomenda\u00e7\u00e3o ensejar\u00e1 a aplica\u00e7\u00e3o de medidas cab\u00edveis no \u00e2mbito da presta\u00e7\u00e3o de contas anual, descabendo alegar o desconhecimento das consequ\u00eancias jur\u00eddicas de seu descumprimento em procedimentos administrativos futuros.<\/p>\n<p><em><strong>Ger\u00eancia de Jornalismo (GEJO), 25\/06\/2018<\/strong><\/em><\/p>\n","protected":false},"excerpt":{"rendered":"<p>O TCE e o Minist\u00e9rio P\u00fablico de Contas expediram no \u00faltimo dia 19 uma recomenda\u00e7\u00e3o conjunta aos prefeitos dos 184 munic\u00edpios pernambucanos e gestores dos institutos previdenci\u00e1rios sobre a contrata\u00e7\u00e3o de empresas para a presta\u00e7\u00e3o de servi\u00e7os de an\u00e1lise, confer\u00eancia <a class=\"leiamais\" href=\"https:\/\/jupi.pe.leg.br\/v3\/tce-e-mpco-fazem-recomendacao-sobre-contratos-de-servicos-previdenciarios\/\">VER MAIS <i class=\"fa-solid fa-chevron-right\"><\/i><\/a><\/p>\n","protected":false},"author":2,"featured_media":295,"comment_status":"open","ping_status":"open","sticky":false,"template":"","format":"standard","meta":{"_acf_changed":false,"footnotes":""},"categories":[4],"tags":[],"class_list":["post-288","post","type-post","status-publish","format-standard","has-post-thumbnail","hentry","category-noticias","active"],"acf":[],"_links":{"self":[{"href":"https:\/\/jupi.pe.leg.br\/v3\/wp-json\/wp\/v2\/posts\/288","targetHints":{"allow":["GET"]}}],"collection":[{"href":"https:\/\/jupi.pe.leg.br\/v3\/wp-json\/wp\/v2\/posts"}],"about":[{"href":"https:\/\/jupi.pe.leg.br\/v3\/wp-json\/wp\/v2\/types\/post"}],"author":[{"embeddable":true,"href":"https:\/\/jupi.pe.leg.br\/v3\/wp-json\/wp\/v2\/users\/2"}],"replies":[{"embeddable":true,"href":"https:\/\/jupi.pe.leg.br\/v3\/wp-json\/wp\/v2\/comments?post=288"}],"version-history":[{"count":0,"href":"https:\/\/jupi.pe.leg.br\/v3\/wp-json\/wp\/v2\/posts\/288\/revisions"}],"wp:featuredmedia":[{"embeddable":true,"href":"https:\/\/jupi.pe.leg.br\/v3\/wp-json\/wp\/v2\/media\/295"}],"wp:attachment":[{"href":"https:\/\/jupi.pe.leg.br\/v3\/wp-json\/wp\/v2\/media?parent=288"}],"wp:term":[{"taxonomy":"category","embeddable":true,"href":"https:\/\/jupi.pe.leg.br\/v3\/wp-json\/wp\/v2\/categories?post=288"},{"taxonomy":"post_tag","embeddable":true,"href":"https:\/\/jupi.pe.leg.br\/v3\/wp-json\/wp\/v2\/tags?post=288"}],"curies":[{"name":"wp","href":"https:\/\/api.w.org\/{rel}","templated":true}]}}