{"id":2864,"date":"2024-04-10T18:05:02","date_gmt":"2024-04-10T21:05:02","guid":{"rendered":"https:\/\/jupi.pe.leg.br\/v3\/?p=2864"},"modified":"2024-04-10T18:05:02","modified_gmt":"2024-04-10T21:05:02","slug":"requerimento-no-031-2024","status":"publish","type":"post","link":"https:\/\/jupi.pe.leg.br\/v3\/requerimento-no-031-2024\/","title":{"rendered":"Requerimento n\u00ba. 031 2024"},"content":{"rendered":"<p>Requeiro a Mesa, ouvindo o Plen\u00e1rio e cumprindo as formalidades regimentais, solicita\u00e7\u00e3o ao Exmo. Prefeito deste munic\u00edpio, Senhor Ant\u00f4nio Marcos Patriota, veemente apelo, no sentido de que seja ampliada a equipe de funcion\u00e1rios para execu\u00e7\u00e3o dos trabalhos de manuten\u00e7\u00e3o e repara\u00e7\u00e3o de danos causados no sistema de esgoto, cal\u00e7amentos e pavimenta\u00e7\u00f5es asf\u00e1lticas da nossa cidade e Povoados.<\/p>\n<p>&nbsp;<\/p>\n","protected":false},"excerpt":{"rendered":"<p>Requeiro a Mesa, ouvindo o Plen\u00e1rio e cumprindo as formalidades regimentais, solicita\u00e7\u00e3o ao Exmo. Prefeito deste munic\u00edpio, Senhor Ant\u00f4nio Marcos Patriota, veemente apelo, no sentido de que seja ampliada a equipe de funcion\u00e1rios para execu\u00e7\u00e3o dos trabalhos de manuten\u00e7\u00e3o e <a class=\"leiamais\" href=\"https:\/\/jupi.pe.leg.br\/v3\/requerimento-no-031-2024\/\">VER MAIS <i class=\"fa-solid fa-chevron-right\"><\/i><\/a><\/p>\n","protected":false},"author":2,"featured_media":0,"comment_status":"open","ping_status":"open","sticky":false,"template":"","format":"standard","meta":{"_acf_changed":false,"footnotes":""},"categories":[19,5],"tags":[],"class_list":["post-2864","post","type-post","status-publish","format-standard","hentry","category-ver_joselma","category-vereadores","active"],"acf":[],"_links":{"self":[{"href":"https:\/\/jupi.pe.leg.br\/v3\/wp-json\/wp\/v2\/posts\/2864","targetHints":{"allow":["GET"]}}],"collection":[{"href":"https:\/\/jupi.pe.leg.br\/v3\/wp-json\/wp\/v2\/posts"}],"about":[{"href":"https:\/\/jupi.pe.leg.br\/v3\/wp-json\/wp\/v2\/types\/post"}],"author":[{"embeddable":true,"href":"https:\/\/jupi.pe.leg.br\/v3\/wp-json\/wp\/v2\/users\/2"}],"replies":[{"embeddable":true,"href":"https:\/\/jupi.pe.leg.br\/v3\/wp-json\/wp\/v2\/comments?post=2864"}],"version-history":[{"count":0,"href":"https:\/\/jupi.pe.leg.br\/v3\/wp-json\/wp\/v2\/posts\/2864\/revisions"}],"wp:attachment":[{"href":"https:\/\/jupi.pe.leg.br\/v3\/wp-json\/wp\/v2\/media?parent=2864"}],"wp:term":[{"taxonomy":"category","embeddable":true,"href":"https:\/\/jupi.pe.leg.br\/v3\/wp-json\/wp\/v2\/categories?post=2864"},{"taxonomy":"post_tag","embeddable":true,"href":"https:\/\/jupi.pe.leg.br\/v3\/wp-json\/wp\/v2\/tags?post=2864"}],"curies":[{"name":"wp","href":"https:\/\/api.w.org\/{rel}","templated":true}]}}