{"id":2853,"date":"2024-04-03T11:32:42","date_gmt":"2024-04-03T14:32:42","guid":{"rendered":"https:\/\/jupi.pe.leg.br\/v3\/?p=2853"},"modified":"2024-04-03T11:32:42","modified_gmt":"2024-04-03T14:32:42","slug":"um-pedido-que-se-transformou-em-realidade","status":"publish","type":"post","link":"https:\/\/jupi.pe.leg.br\/v3\/um-pedido-que-se-transformou-em-realidade\/","title":{"rendered":"Um pedido que se transformou em realidade!"},"content":{"rendered":"<p>Um pedido que se transformou em realidade! Em 2017, o vereador Paulo C\u00e9sar sonhou alto ao solicitar a constru\u00e7\u00e3o da creche do Alto dos Santos em Jupi. Agora, estamos pr\u00f3ximos da inaugura\u00e7\u00e3o dessa obra t\u00e3o esperada, que trar\u00e1 sorrisos e oportunidades para centenas de crian\u00e7as e fam\u00edlias da regi\u00e3o. &#x1f3eb;&#x1f4ab;<\/p>\n<p>&#x1f3eb; A import\u00e2ncia dessa creche transcende os muros f\u00edsicos, \u00e9 um s\u00edmbolo de progresso, educa\u00e7\u00e3o e cuidado para nossa comunidade. Parab\u00e9ns ao vereador Paulo C\u00e9sar por sua vis\u00e3o e persist\u00eancia!<\/p>\n<p>Jupi est\u00e1 prestes a receber um grande presente que transformar\u00e1 vidas e fortalecer\u00e1 la\u00e7os em nossa querida cidade. &#x1f389;&#x1f64c;&#x1f3fb;<\/p>\n<div style=\"width: 1080px;\" class=\"wp-video\"><video class=\"wp-video-shortcode\" id=\"video-2853-1\" width=\"1080\" height=\"1920\" preload=\"metadata\" controls=\"controls\"><source type=\"video\/mp4\" src=\"https:\/\/jupi.pe.leg.br\/v3\/wp-content\/uploads\/2024\/04\/Um-pedido-que-se-transformou-em-realidade.mp4?_=1\" \/><a href=\"https:\/\/jupi.pe.leg.br\/v3\/wp-content\/uploads\/2024\/04\/Um-pedido-que-se-transformou-em-realidade.mp4\">https:\/\/jupi.pe.leg.br\/v3\/wp-content\/uploads\/2024\/04\/Um-pedido-que-se-transformou-em-realidade.mp4<\/a><\/video><\/div>\n","protected":false},"excerpt":{"rendered":"<p>Um pedido que se transformou em realidade! Em 2017, o vereador Paulo C\u00e9sar sonhou alto ao solicitar a constru\u00e7\u00e3o da creche do Alto dos Santos em Jupi. Agora, estamos pr\u00f3ximos da inaugura\u00e7\u00e3o dessa obra t\u00e3o esperada, que trar\u00e1 sorrisos e <a class=\"leiamais\" href=\"https:\/\/jupi.pe.leg.br\/v3\/um-pedido-que-se-transformou-em-realidade\/\">VER MAIS <i class=\"fa-solid fa-chevron-right\"><\/i><\/a><\/p>\n","protected":false},"author":2,"featured_media":2855,"comment_status":"open","ping_status":"open","sticky":false,"template":"","format":"standard","meta":{"_acf_changed":false,"footnotes":""},"categories":[4],"tags":[],"class_list":["post-2853","post","type-post","status-publish","format-standard","has-post-thumbnail","hentry","category-noticias","active"],"acf":[],"_links":{"self":[{"href":"https:\/\/jupi.pe.leg.br\/v3\/wp-json\/wp\/v2\/posts\/2853","targetHints":{"allow":["GET"]}}],"collection":[{"href":"https:\/\/jupi.pe.leg.br\/v3\/wp-json\/wp\/v2\/posts"}],"about":[{"href":"https:\/\/jupi.pe.leg.br\/v3\/wp-json\/wp\/v2\/types\/post"}],"author":[{"embeddable":true,"href":"https:\/\/jupi.pe.leg.br\/v3\/wp-json\/wp\/v2\/users\/2"}],"replies":[{"embeddable":true,"href":"https:\/\/jupi.pe.leg.br\/v3\/wp-json\/wp\/v2\/comments?post=2853"}],"version-history":[{"count":0,"href":"https:\/\/jupi.pe.leg.br\/v3\/wp-json\/wp\/v2\/posts\/2853\/revisions"}],"wp:featuredmedia":[{"embeddable":true,"href":"https:\/\/jupi.pe.leg.br\/v3\/wp-json\/wp\/v2\/media\/2855"}],"wp:attachment":[{"href":"https:\/\/jupi.pe.leg.br\/v3\/wp-json\/wp\/v2\/media?parent=2853"}],"wp:term":[{"taxonomy":"category","embeddable":true,"href":"https:\/\/jupi.pe.leg.br\/v3\/wp-json\/wp\/v2\/categories?post=2853"},{"taxonomy":"post_tag","embeddable":true,"href":"https:\/\/jupi.pe.leg.br\/v3\/wp-json\/wp\/v2\/tags?post=2853"}],"curies":[{"name":"wp","href":"https:\/\/api.w.org\/{rel}","templated":true}]}}