{"id":285,"date":"2018-07-05T12:40:21","date_gmt":"2018-07-05T15:40:21","guid":{"rendered":"https:\/\/jupi.pe.leg.br\/v3\/?p=285"},"modified":"2018-07-05T12:40:21","modified_gmt":"2018-07-05T15:40:21","slug":"guilherme-uchoa-presidente-da-assembleia-legislativa-de-pe-morre-no-recife-aos-71-anos","status":"publish","type":"post","link":"https:\/\/jupi.pe.leg.br\/v3\/guilherme-uchoa-presidente-da-assembleia-legislativa-de-pe-morre-no-recife-aos-71-anos\/","title":{"rendered":"Guilherme Uchoa, presidente da Assembleia Legislativa de PE, morre no Recife, aos 71 anos"},"content":{"rendered":"<p><img loading=\"lazy\" decoding=\"async\" class=\"img-fluid alignleft wp-image-286 size-medium\" src=\"https:\/\/jupi.pe.leg.br\/v3\/wp-content\/uploads\/2018\/07\/presidente_da_alepe_guilherme_uchoa_-_pdt-300x188.jpg\" alt=\"\" width=\"300\" height=\"188\" srcset=\"https:\/\/jupi.pe.leg.br\/v3\/wp-content\/uploads\/2018\/07\/presidente_da_alepe_guilherme_uchoa_-_pdt-300x188.jpg 300w, https:\/\/jupi.pe.leg.br\/v3\/wp-content\/uploads\/2018\/07\/presidente_da_alepe_guilherme_uchoa_-_pdt-768x481.jpg 768w, https:\/\/jupi.pe.leg.br\/v3\/wp-content\/uploads\/2018\/07\/presidente_da_alepe_guilherme_uchoa_-_pdt-1024x641.jpg 1024w, https:\/\/jupi.pe.leg.br\/v3\/wp-content\/uploads\/2018\/07\/presidente_da_alepe_guilherme_uchoa_-_pdt.jpg 1600w\" sizes=\"auto, (max-width: 300px) 100vw, 300px\" \/>O presidente da Assembleia Legislativa de Pernambuco (Alepe), Guilherme Uchoa (PSC), morreu nesta ter\u00e7a-feira (3), aos 71 anos, no Hospital Portugu\u00eas, na \u00e1rea central do Recife. A informa\u00e7\u00e3o foi confirmada pela assessoria de comunica\u00e7\u00e3o da Alepe. O \u00f3bito ocorreu \u00e0s 4h, em decorr\u00eancia do agravamento do quadro de sa\u00fade do deputado, que teve edema pulmonar e parada card\u00edaca.<\/p>\n<p>O corpo foi levado para o munic\u00edpio de Igarassu, na Regi\u00e3o Metropolitana, em carro de bombeiro. O enterro foi encerrado por volta das 17h30, no cemit\u00e9rio da cidade.<\/p>\n<p>O presidente da C\u00e2mara Municipal de Jupi, Vereador Ledson Liberato, disse que Guilherme Uchoa era um parlamentar que se destacava na vida p\u00fablica pelas seus ideias e proposi\u00e7\u00f5es pol\u00edticas e que vai fazer muita falta na vida p\u00fablica.<\/p>\n","protected":false},"excerpt":{"rendered":"<p>O presidente da Assembleia Legislativa de Pernambuco (Alepe), Guilherme Uchoa (PSC), morreu nesta ter\u00e7a-feira (3), aos 71 anos, no Hospital Portugu\u00eas, na \u00e1rea central do Recife. A informa\u00e7\u00e3o foi confirmada pela assessoria de comunica\u00e7\u00e3o da Alepe. O \u00f3bito ocorreu \u00e0s <a class=\"leiamais\" href=\"https:\/\/jupi.pe.leg.br\/v3\/guilherme-uchoa-presidente-da-assembleia-legislativa-de-pe-morre-no-recife-aos-71-anos\/\">VER MAIS <i class=\"fa-solid fa-chevron-right\"><\/i><\/a><\/p>\n","protected":false},"author":2,"featured_media":286,"comment_status":"open","ping_status":"open","sticky":false,"template":"","format":"standard","meta":{"_acf_changed":false,"footnotes":""},"categories":[4],"tags":[],"class_list":["post-285","post","type-post","status-publish","format-standard","has-post-thumbnail","hentry","category-noticias","active"],"acf":[],"_links":{"self":[{"href":"https:\/\/jupi.pe.leg.br\/v3\/wp-json\/wp\/v2\/posts\/285","targetHints":{"allow":["GET"]}}],"collection":[{"href":"https:\/\/jupi.pe.leg.br\/v3\/wp-json\/wp\/v2\/posts"}],"about":[{"href":"https:\/\/jupi.pe.leg.br\/v3\/wp-json\/wp\/v2\/types\/post"}],"author":[{"embeddable":true,"href":"https:\/\/jupi.pe.leg.br\/v3\/wp-json\/wp\/v2\/users\/2"}],"replies":[{"embeddable":true,"href":"https:\/\/jupi.pe.leg.br\/v3\/wp-json\/wp\/v2\/comments?post=285"}],"version-history":[{"count":0,"href":"https:\/\/jupi.pe.leg.br\/v3\/wp-json\/wp\/v2\/posts\/285\/revisions"}],"wp:featuredmedia":[{"embeddable":true,"href":"https:\/\/jupi.pe.leg.br\/v3\/wp-json\/wp\/v2\/media\/286"}],"wp:attachment":[{"href":"https:\/\/jupi.pe.leg.br\/v3\/wp-json\/wp\/v2\/media?parent=285"}],"wp:term":[{"taxonomy":"category","embeddable":true,"href":"https:\/\/jupi.pe.leg.br\/v3\/wp-json\/wp\/v2\/categories?post=285"},{"taxonomy":"post_tag","embeddable":true,"href":"https:\/\/jupi.pe.leg.br\/v3\/wp-json\/wp\/v2\/tags?post=285"}],"curies":[{"name":"wp","href":"https:\/\/api.w.org\/{rel}","templated":true}]}}