{"id":2845,"date":"2024-04-03T11:22:36","date_gmt":"2024-04-03T14:22:36","guid":{"rendered":"https:\/\/jupi.pe.leg.br\/v3\/?p=2845"},"modified":"2024-04-03T11:22:36","modified_gmt":"2024-04-03T14:22:36","slug":"iluminando-caminhos-e-preservando-a-natureza-na-colonia","status":"publish","type":"post","link":"https:\/\/jupi.pe.leg.br\/v3\/iluminando-caminhos-e-preservando-a-natureza-na-colonia\/","title":{"rendered":"Iluminando caminhos e preservando a natureza na Col\u00f4nia!"},"content":{"rendered":"<p>&#x1f31f; Os requerimentos n\u00b0. 008\/2024 e 009\/2024, de autoria do Vereador Ant\u00f4nio da Col\u00f4nia, trazem esperan\u00e7a e progresso para nossa comunidade! Com a constru\u00e7\u00e3o de cal\u00e7amentos e lumin\u00e1rias, nossos trajetos ser\u00e3o mais seguros e acolhedores, facilitando o acesso \u00e0 Capela do Cruzeiro.<\/p>\n<p>&#x1f4a1;&#x1f33f;&#x1f477; Com a contrata\u00e7\u00e3o de um funcion\u00e1rio dedicado \u00e0 preserva\u00e7\u00e3o ambiental e a implementa\u00e7\u00e3o de medidas sustent\u00e1veis, estamos fortalecendo nossa rela\u00e7\u00e3o com a natureza e garantindo um futuro verde e pr\u00f3spero para todos os moradores da Col\u00f4nia! As a\u00e7\u00f5es propostas pelo Vereador Ant\u00f4nio da Col\u00f4nia visam n\u00e3o apenas melhorias f\u00edsicas, mas tamb\u00e9m um impacto positivo em nosso ecossistema local.<\/p>\n<p>&#x1f680;&#x1f31f;&#x2728; A uni\u00e3o de esfor\u00e7os \u00e9 essencial para o sucesso dessas iniciativas! Vamos continuar trabalhando lado a lado para tornar nossa cidade um lugar ainda melhor para viver, com qualidade de vida, respeito ao meio ambiente e desenvolvimento sustent\u00e1vel em mente!<\/p>\n<p><img loading=\"lazy\" decoding=\"async\" width=\"698\" height=\"837\" class=\"img-fluid aligncenter size-full wp-image-2846\" src=\"https:\/\/jupi.pe.leg.br\/v3\/wp-content\/uploads\/2024\/04\/Captura-de-tela-2024-04-03-111716.png\" alt=\"\" data-wp-pid=\"2846\" srcset=\"https:\/\/jupi.pe.leg.br\/v3\/wp-content\/uploads\/2024\/04\/Captura-de-tela-2024-04-03-111716.png 698w, https:\/\/jupi.pe.leg.br\/v3\/wp-content\/uploads\/2024\/04\/Captura-de-tela-2024-04-03-111716-250x300.png 250w\" sizes=\"auto, (max-width: 698px) 100vw, 698px\" \/> <img loading=\"lazy\" decoding=\"async\" class=\"img-fluid aligncenter  wp-image-2847\" src=\"https:\/\/jupi.pe.leg.br\/v3\/wp-content\/uploads\/2024\/04\/Captura-de-tela-2024-04-03-111734.png\" alt=\"\" width=\"697\" height=\"948\" data-wp-pid=\"2847\" srcset=\"https:\/\/jupi.pe.leg.br\/v3\/wp-content\/uploads\/2024\/04\/Captura-de-tela-2024-04-03-111734.png 628w, https:\/\/jupi.pe.leg.br\/v3\/wp-content\/uploads\/2024\/04\/Captura-de-tela-2024-04-03-111734-221x300.png 221w\" sizes=\"auto, (max-width: 697px) 100vw, 697px\" \/> <img loading=\"lazy\" decoding=\"async\" class=\"img-fluid aligncenter  wp-image-2848\" src=\"https:\/\/jupi.pe.leg.br\/v3\/wp-content\/uploads\/2024\/04\/Captura-de-tela-2024-04-03-111911.png\" alt=\"\" width=\"697\" height=\"884\" data-wp-pid=\"2848\" srcset=\"https:\/\/jupi.pe.leg.br\/v3\/wp-content\/uploads\/2024\/04\/Captura-de-tela-2024-04-03-111911.png 669w, https:\/\/jupi.pe.leg.br\/v3\/wp-content\/uploads\/2024\/04\/Captura-de-tela-2024-04-03-111911-236x300.png 236w\" sizes=\"auto, (max-width: 697px) 100vw, 697px\" \/><\/p>\n","protected":false},"excerpt":{"rendered":"<p>&#x1f31f; Os requerimentos n\u00b0. 008\/2024 e 009\/2024, de autoria do Vereador Ant\u00f4nio da Col\u00f4nia, trazem esperan\u00e7a e progresso para nossa comunidade! Com a constru\u00e7\u00e3o de cal\u00e7amentos e lumin\u00e1rias, nossos trajetos ser\u00e3o mais seguros e acolhedores, facilitando o acesso \u00e0 Capela <a class=\"leiamais\" href=\"https:\/\/jupi.pe.leg.br\/v3\/iluminando-caminhos-e-preservando-a-natureza-na-colonia\/\">VER MAIS <i class=\"fa-solid fa-chevron-right\"><\/i><\/a><\/p>\n","protected":false},"author":2,"featured_media":2846,"comment_status":"open","ping_status":"open","sticky":false,"template":"","format":"standard","meta":{"_acf_changed":false,"footnotes":""},"categories":[4],"tags":[],"class_list":["post-2845","post","type-post","status-publish","format-standard","has-post-thumbnail","hentry","category-noticias","active"],"acf":[],"_links":{"self":[{"href":"https:\/\/jupi.pe.leg.br\/v3\/wp-json\/wp\/v2\/posts\/2845","targetHints":{"allow":["GET"]}}],"collection":[{"href":"https:\/\/jupi.pe.leg.br\/v3\/wp-json\/wp\/v2\/posts"}],"about":[{"href":"https:\/\/jupi.pe.leg.br\/v3\/wp-json\/wp\/v2\/types\/post"}],"author":[{"embeddable":true,"href":"https:\/\/jupi.pe.leg.br\/v3\/wp-json\/wp\/v2\/users\/2"}],"replies":[{"embeddable":true,"href":"https:\/\/jupi.pe.leg.br\/v3\/wp-json\/wp\/v2\/comments?post=2845"}],"version-history":[{"count":0,"href":"https:\/\/jupi.pe.leg.br\/v3\/wp-json\/wp\/v2\/posts\/2845\/revisions"}],"wp:featuredmedia":[{"embeddable":true,"href":"https:\/\/jupi.pe.leg.br\/v3\/wp-json\/wp\/v2\/media\/2846"}],"wp:attachment":[{"href":"https:\/\/jupi.pe.leg.br\/v3\/wp-json\/wp\/v2\/media?parent=2845"}],"wp:term":[{"taxonomy":"category","embeddable":true,"href":"https:\/\/jupi.pe.leg.br\/v3\/wp-json\/wp\/v2\/categories?post=2845"},{"taxonomy":"post_tag","embeddable":true,"href":"https:\/\/jupi.pe.leg.br\/v3\/wp-json\/wp\/v2\/tags?post=2845"}],"curies":[{"name":"wp","href":"https:\/\/api.w.org\/{rel}","templated":true}]}}