{"id":2839,"date":"2024-04-03T11:20:46","date_gmt":"2024-04-03T14:20:46","guid":{"rendered":"https:\/\/jupi.pe.leg.br\/v3\/?p=2839"},"modified":"2024-04-03T11:20:46","modified_gmt":"2024-04-03T14:20:46","slug":"sextou-com-as-conquistas-da-casa-zulmiro-guilherme","status":"publish","type":"post","link":"https:\/\/jupi.pe.leg.br\/v3\/sextou-com-as-conquistas-da-casa-zulmiro-guilherme\/","title":{"rendered":"\u00a0Sextou com as conquistas da Casa Zulmiro Guilherme!"},"content":{"rendered":"<p>&#x1f3db;&#xfe0f;&#x1f4bc; Na \u00faltima quarta-feira, durante a 7\u00aa Reuni\u00e3o Ordin\u00e1ria, nossos vereadores brilharam com propostas incr\u00edveis para o futuro de Jupi!<\/p>\n<p>&#x1f4ac;&#x1f333; Vamos dar uma olhada nos principais requerimentos e suas propostas cheias de energia:<\/p>\n<p>1&#xfe0f;&#x20e3; Requerimento n\u00b0. 016\/2024 &#8211; Vereador Luiz Ricardo dos Santos Souza:<br \/>\n&#x1f4a1; Solicita\u00e7\u00e3o para aduba\u00e7\u00e3o, poda e manuten\u00e7\u00e3o das palmeiras e \u00e1rvores na BR-423, trazendo mais vida para nossa cidade!<\/p>\n<p>2&#xfe0f;&#x20e3; Requerimento n\u00b0. 024\/2024 &#8211; Vereador Luiz Ricardo de Souza Santos:<br \/>\n&#x1f4f1; Implementa\u00e7\u00e3o de um aplicativo para agendamento de servi\u00e7os municipais, facilitando a vida de todos os cidad\u00e3os!<\/p>\n<p>3&#xfe0f;&#x20e3; Requerimento n\u00b0. 025\/2024 &#8211; Vereador Ant\u00f4nio Pedro da Silva:<br \/>\n&#x1f6a7; Pavimenta\u00e7\u00e3o asf\u00e1ltica e constru\u00e7\u00e3o de cal\u00e7amento no Povoado Col\u00f4nia de Jupi-PE, trazendo conforto para nossos moradores!<\/p>\n<p>4&#xfe0f;&#x20e3; Requerimento n\u00b0. 026\/2024 &#8211; Vereador Ant\u00f4nio Pedro da Silva:<br \/>\n&#x1f6e3;&#xfe0f; Recupera\u00e7\u00e3o da estrada da Serra da Col\u00f4nia, conectando melhor nossas comunidades \u00e0 sa\u00fade!<\/p>\n<p>5&#xfe0f;&#x20e3; Requerimento n\u00b0. 027\/2024 &#8211; Vereadora Rezilda Maria Cavalcante Ferreira:<br \/>\n&#x1f333; Manuten\u00e7\u00e3o na Pra\u00e7a Santo Expedito, valorizando nossos espa\u00e7os p\u00fablicos!<\/p>\n<p>6&#xfe0f;&#x20e3; Requerimento n\u00b0. 028\/2024 &#8211; Vereador Paulo C\u00e9sar Cordeiro Vilela:<br \/>\n&#x1f4a7; Reparos em bueiras e estradas, garantindo seguran\u00e7a e mobilidade para todos!<\/p>\n<p>7&#xfe0f;&#x20e3; Requerimento n\u00b0. 029\/2024 e 030\/2024 &#8211; Vereador F\u00e1bio J\u00fanior Teixeira:<br \/>\n&#x1f30a; Constru\u00e7\u00e3o de bueiras e passagens molhadas, prevenindo alagamentos e cuidando do meio ambiente!<\/p>\n<p>Essas iniciativas mostram que o futuro de Jupi \u00e9 brilhante e cheio de oportunidades!<\/p>\n<p>&#x1f4aa;&#x1f3fc;&#x1f30d; Vamos juntos construir uma cidade cada vez mais incr\u00edvel! &#x1f49a;&#x1f3e0;<\/p>\n<p>&nbsp;<\/p>\n<p><img loading=\"lazy\" decoding=\"async\" width=\"847\" height=\"862\" class=\"img-fluid aligncenter size-full wp-image-2840\" src=\"https:\/\/jupi.pe.leg.br\/v3\/wp-content\/uploads\/2024\/04\/Captura-de-tela-2024-04-03-111254.png\" alt=\"\" data-wp-pid=\"2840\" srcset=\"https:\/\/jupi.pe.leg.br\/v3\/wp-content\/uploads\/2024\/04\/Captura-de-tela-2024-04-03-111254.png 847w, https:\/\/jupi.pe.leg.br\/v3\/wp-content\/uploads\/2024\/04\/Captura-de-tela-2024-04-03-111254-295x300.png 295w, https:\/\/jupi.pe.leg.br\/v3\/wp-content\/uploads\/2024\/04\/Captura-de-tela-2024-04-03-111254-768x782.png 768w\" sizes=\"auto, (max-width: 847px) 100vw, 847px\" \/> <img loading=\"lazy\" decoding=\"async\" class=\"img-fluid aligncenter  wp-image-2841\" src=\"https:\/\/jupi.pe.leg.br\/v3\/wp-content\/uploads\/2024\/04\/Captura-de-tela-2024-04-03-111059.png\" alt=\"\" width=\"847\" height=\"869\" data-wp-pid=\"2841\" srcset=\"https:\/\/jupi.pe.leg.br\/v3\/wp-content\/uploads\/2024\/04\/Captura-de-tela-2024-04-03-111059.png 839w, https:\/\/jupi.pe.leg.br\/v3\/wp-content\/uploads\/2024\/04\/Captura-de-tela-2024-04-03-111059-292x300.png 292w, https:\/\/jupi.pe.leg.br\/v3\/wp-content\/uploads\/2024\/04\/Captura-de-tela-2024-04-03-111059-768x788.png 768w\" sizes=\"auto, (max-width: 847px) 100vw, 847px\" \/> <img loading=\"lazy\" decoding=\"async\" class=\"img-fluid aligncenter  wp-image-2842\" src=\"https:\/\/jupi.pe.leg.br\/v3\/wp-content\/uploads\/2024\/04\/Captura-de-tela-2024-04-03-111118.png\" alt=\"\" width=\"847\" height=\"915\" data-wp-pid=\"2842\" srcset=\"https:\/\/jupi.pe.leg.br\/v3\/wp-content\/uploads\/2024\/04\/Captura-de-tela-2024-04-03-111118.png 795w, https:\/\/jupi.pe.leg.br\/v3\/wp-content\/uploads\/2024\/04\/Captura-de-tela-2024-04-03-111118-278x300.png 278w, https:\/\/jupi.pe.leg.br\/v3\/wp-content\/uploads\/2024\/04\/Captura-de-tela-2024-04-03-111118-768x830.png 768w\" sizes=\"auto, (max-width: 847px) 100vw, 847px\" \/> <img loading=\"lazy\" decoding=\"async\" class=\"img-fluid aligncenter  wp-image-2843\" src=\"https:\/\/jupi.pe.leg.br\/v3\/wp-content\/uploads\/2024\/04\/Captura-de-tela-2024-04-03-111142.png\" alt=\"\" width=\"846\" height=\"912\" data-wp-pid=\"2843\" srcset=\"https:\/\/jupi.pe.leg.br\/v3\/wp-content\/uploads\/2024\/04\/Captura-de-tela-2024-04-03-111142.png 800w, https:\/\/jupi.pe.leg.br\/v3\/wp-content\/uploads\/2024\/04\/Captura-de-tela-2024-04-03-111142-278x300.png 278w, https:\/\/jupi.pe.leg.br\/v3\/wp-content\/uploads\/2024\/04\/Captura-de-tela-2024-04-03-111142-768x828.png 768w\" sizes=\"auto, (max-width: 846px) 100vw, 846px\" \/><\/p>\n","protected":false},"excerpt":{"rendered":"<p>&#x1f3db;&#xfe0f;&#x1f4bc; Na \u00faltima quarta-feira, durante a 7\u00aa Reuni\u00e3o Ordin\u00e1ria, nossos vereadores brilharam com propostas incr\u00edveis para o futuro de Jupi! &#x1f4ac;&#x1f333; Vamos dar uma olhada nos principais requerimentos e suas propostas cheias de energia: 1&#xfe0f;&#x20e3; Requerimento n\u00b0. 016\/2024 &#8211; Vereador <a class=\"leiamais\" href=\"https:\/\/jupi.pe.leg.br\/v3\/sextou-com-as-conquistas-da-casa-zulmiro-guilherme\/\">VER MAIS <i class=\"fa-solid fa-chevron-right\"><\/i><\/a><\/p>\n","protected":false},"author":2,"featured_media":2843,"comment_status":"open","ping_status":"open","sticky":false,"template":"","format":"standard","meta":{"_acf_changed":false,"footnotes":""},"categories":[4],"tags":[],"class_list":["post-2839","post","type-post","status-publish","format-standard","has-post-thumbnail","hentry","category-noticias","active"],"acf":[],"_links":{"self":[{"href":"https:\/\/jupi.pe.leg.br\/v3\/wp-json\/wp\/v2\/posts\/2839","targetHints":{"allow":["GET"]}}],"collection":[{"href":"https:\/\/jupi.pe.leg.br\/v3\/wp-json\/wp\/v2\/posts"}],"about":[{"href":"https:\/\/jupi.pe.leg.br\/v3\/wp-json\/wp\/v2\/types\/post"}],"author":[{"embeddable":true,"href":"https:\/\/jupi.pe.leg.br\/v3\/wp-json\/wp\/v2\/users\/2"}],"replies":[{"embeddable":true,"href":"https:\/\/jupi.pe.leg.br\/v3\/wp-json\/wp\/v2\/comments?post=2839"}],"version-history":[{"count":0,"href":"https:\/\/jupi.pe.leg.br\/v3\/wp-json\/wp\/v2\/posts\/2839\/revisions"}],"wp:featuredmedia":[{"embeddable":true,"href":"https:\/\/jupi.pe.leg.br\/v3\/wp-json\/wp\/v2\/media\/2843"}],"wp:attachment":[{"href":"https:\/\/jupi.pe.leg.br\/v3\/wp-json\/wp\/v2\/media?parent=2839"}],"wp:term":[{"taxonomy":"category","embeddable":true,"href":"https:\/\/jupi.pe.leg.br\/v3\/wp-json\/wp\/v2\/categories?post=2839"},{"taxonomy":"post_tag","embeddable":true,"href":"https:\/\/jupi.pe.leg.br\/v3\/wp-json\/wp\/v2\/tags?post=2839"}],"curies":[{"name":"wp","href":"https:\/\/api.w.org\/{rel}","templated":true}]}}